{"id":4484,"date":"2025-04-02T17:30:28","date_gmt":"2025-04-02T14:30:28","guid":{"rendered":"https:\/\/zeleka.com\/?p=4484"},"modified":"2025-04-02T17:30:28","modified_gmt":"2025-04-02T14:30:28","slug":"erzincandan-aleyna-ak-ile-caykara-cambasi-mahallesinden-kasim-yesilcicek-caykara-ilcesinde-gerceklestirilen-dugun-toreni-ile-bir-omur-boyu-birliktelige-evet-dedile","status":"publish","type":"post","link":"https:\/\/zeleka.com\/?p=4484","title":{"rendered":"<div id=\"detaymetin\">                            <p>Erzincan\u2019dan Aleyna Ak ile \u00c7aykara \u00c7amba\u015f\u0131 Mahallesinden Kas\u0131m Ye\u015fil\u00e7i\u00e7ek \u00c7aykara \u0130l\u00e7esinde ger\u00e7ekle\u015ftirilen d\u00fc\u011f\u00fcn t\u00f6reni ile bir \u00f6m\u00fcr boyu birlikteli\u011fe EVET dediler.<\/p><p>\u0130l\u00e7emi"},"content":{"rendered":"<div id=\"detaymetin\">\n<p>Erzincan\u2019dan Aleyna Ak ile \u00c7aykara \u00c7amba\u015f\u0131 Mahallesinden Kas\u0131m Ye\u015fil\u00e7i\u00e7ek \u00c7aykara \u0130l\u00e7esinde ger\u00e7ekle\u015ftirilen d\u00fc\u011f\u00fcn t\u00f6reni ile bir \u00f6m\u00fcr boyu birlikteli\u011fe EVET dediler.<\/p>\n<p>\u0130l\u00e7emiz \u00c7amba\u015f\u0131 Mahallesinden \u015eevket &#038; Emine Ye\u015fil\u00e7i\u00e7ek \u00e7iftinin yak\u0131\u015f\u0131kl\u0131 o\u011fullar\u0131 Kas\u0131m ile aslen \u00c7aykara \u0130l\u00e7emizden olan ve \u0130skan olarak gitmi\u015f olduklar\u0131 Erzincan\u2019da ya\u015famlar\u0131n\u0131 s\u00fcrd\u00fcren Dursun &#038; Ay\u015fe Ak \u00e7iftinin d\u00fcnyalar g\u00fczeli K\u0131zlar\u0131 Aleyna ger\u00e7ekle\u015ftirilen muhte\u015fem bir d\u00fc\u011f\u00fcn t\u00f6reni ile hayatlar\u0131n\u0131 birle\u015ftirdiler.<\/p>\n<p>Gen\u00e7 \u00e7iftlerin d\u00fc\u011f\u00fcn t\u00f6renleri 1 Nisan 2025 Sal\u0131 g\u00fcn\u00fc \u00c7aykara El \u015eahan Tesislerinde ger\u00e7ekle\u015ftirildi.<\/p>\n<figure><img decoding=\"async\" src=\"https:\/\/caykaragundem.com\/resimler\/2025-4\/2\/76334655326823.webp\"><\/figure>\n<p>Gen\u00e7 \u00e7iftlerin Resmi Nikahlar\u0131 Salonda k\u0131y\u0131l\u0131rken Nikah \u015eahitlikleri B\u00fcnyamin Erdo\u011fan,Emrullh Ak,Y\u00fccel \u0130\u015fin ve P\u0131nar Ate\u015fo\u011flu taraf\u0131ndan ger\u00e7ekle\u015ftirildi.<\/p>\n<p>Gen\u00e7 \u00e7iftlerin D\u00fc\u011f\u00fcn T\u00f6renlerine \u00c7aykara Belediye Ba\u015fkan\u0131 Hanefi Tok,\u00c7amba\u015f\u0131 Mahallesi Muhtar\u0131 Sabahattin Sezer ve Uzung\u00f6l Muhtar\u0131 Selman Dilek kat\u0131l\u0131m sa\u011flayarak gen\u00e7 \u00e7iftlerin mutluluklar\u0131n\u0131 payla\u015ft\u0131lar.<\/p>\n<p>Gen\u00e7 \u00e7iftlerin Resmi Nikahlar\u0131 \u00c7aykara Belediye Ba\u015fkan\u0131 Hanefi Tok taraf\u0131ndan k\u0131y\u0131l\u0131rken evlilik c\u00fczdan\u0131 Ba\u015fkan Tok taraf\u0131ndan Gelin Aleyna Ye\u015fil\u00e7i\u00e7ek\u2019e takdim edildi.<\/p>\n<figure><img decoding=\"async\" src=\"https:\/\/caykaragundem.com\/resimler\/2025-4\/2\/88425200597583.webp\"><\/figure>\n<p>\u00c7amba\u015f\u0131 Mahallesi Uzung\u00f6l ,Erzincan Ve Trabzon\u2019un de\u011fi\u015fik il\u00e7elerinden \u00e7ok kalabal\u0131k bir misafir toplulu\u011funun kat\u0131l\u0131m sa\u011flad\u0131\u011f\u0131 gen\u00e7 \u00e7iftlerin d\u00fc\u011f\u00fcn t\u00f6renlerinde tabiri caiz ise insan seli ya\u015fand\u0131.<\/p>\n<p>Gen\u00e7 \u00e7iftlerin d\u00fc\u011f\u00fcn t\u00f6renlerinde Furkan Y\u0131lmaz,Onur Ard\u0131\u00e7 ve Ahmet Ayd\u0131n sahne al\u0131rken Sanat\u00e7\u0131lar\u0131n okuduklar\u0131 birbirinden g\u00fczel t\u00fcrk\u00fcler e\u015fli\u011finde misafirler g\u00f6n\u00fcllerince e\u011flendiler.<\/p>\n<p>Ya\u015f pasta ve Tak\u0131 t\u00f6reni ile devam eden gen\u00e7 \u00e7iftlerin d\u00fc\u011f\u00fcn t\u00f6renlerinde \u00f6zellikle Tak\u0131 t\u00f6reni esnas\u0131nda yo\u011fun bir kalabal\u0131k ya\u015fand\u0131 ve misafirler uzun kuyruk olu\u015fturarak gelin ve damad\u0131 hem tebrik etti hem de mutluluklar\u0131n\u0131 payla\u015ft\u0131.<\/p>\n<p>Gecenin ilerleyen saatlerine kadar devam eden d\u00fc\u011f\u00fcn t\u00f6reni Havai Fi\u015fek G\u00f6sterisi ve Aile Foto\u011fraflar\u0131n\u0131n \u00e7ekilmesi i\u015fle sona erdi.<\/p>\n<figure><img decoding=\"async\" src=\"https:\/\/caykaragundem.com\/resimler\/2025-4\/2\/1034001951810159.webp\"><\/figure>\n<p>\u00c7aykara G\u00fcndem Gazetesi olarak evlilik karar\u0131 ile \u00f6m\u00fcrlerinin en g\u00fczel,en anlaml\u0131 ve do\u011fru kararlar\u0131n\u0131 veren Aleyna &#038; Kas\u0131m Ye\u015fil\u00e7i\u00e7ek \u00e7iftini bu anlaml\u0131 ve g\u00fczel kararlar\u0131ndan dolay\u0131 tebrik ediyor,gen\u00e7 \u00e7iftlerimize sa\u011fl\u0131k,mutluluk ve de ba\u015far\u0131 dolu uzun bir ya\u015fam diliyoruz.<\/p>\n<p>          <\/div>\n","protected":false},"excerpt":{"rendered":"<p>Erzincan\u2019dan Aleyna Ak ile \u00c7aykara \u00c7amba\u015f\u0131 Mahallesinden Kas\u0131m Ye\u015fil\u00e7i\u00e7ek \u00c7aykara \u0130l\u00e7esinde ger\u00e7ekle\u015ftirilen d\u00fc\u011f\u00fcn t\u00f6reni ile bir \u00f6m\u00fcr boyu birlikteli\u011fe EVET dediler. \u0130l\u00e7emiz \u00c7amba\u015f\u0131 Mahallesinden \u015eevket &#038; Emine Ye\u015fil\u00e7i\u00e7ek \u00e7iftinin yak\u0131\u015f\u0131kl\u0131 o\u011fullar\u0131 Kas\u0131m ile aslen \u00c7aykara \u0130l\u00e7emizden olan ve \u0130skan olarak gitmi\u015f olduklar\u0131 Erzincan\u2019da ya\u015famlar\u0131n\u0131 s\u00fcrd\u00fcren Dursun &#038; Ay\u015fe Ak \u00e7iftinin d\u00fcnyalar g\u00fczeli K\u0131zlar\u0131 Aleyna ger\u00e7ekle\u015ftirilen [&hellip;]<\/p>\n","protected":false},"author":1,"featured_media":4485,"comment_status":"open","ping_status":"open","sticky":false,"template":"","format":"standard","meta":{"tdm_status":"","tdm_grid_status":"","footnotes":""},"categories":[40],"tags":[],"class_list":{"0":"post-4484","1":"post","2":"type-post","3":"status-publish","4":"format-standard","5":"has-post-thumbnail","7":"category-caykara"},"_links":{"self":[{"href":"https:\/\/zeleka.com\/index.php?rest_route=\/wp\/v2\/posts\/4484","targetHints":{"allow":["GET"]}}],"collection":[{"href":"https:\/\/zeleka.com\/index.php?rest_route=\/wp\/v2\/posts"}],"about":[{"href":"https:\/\/zeleka.com\/index.php?rest_route=\/wp\/v2\/types\/post"}],"author":[{"embeddable":true,"href":"https:\/\/zeleka.com\/index.php?rest_route=\/wp\/v2\/users\/1"}],"replies":[{"embeddable":true,"href":"https:\/\/zeleka.com\/index.php?rest_route=%2Fwp%2Fv2%2Fcomments&post=4484"}],"version-history":[{"count":0,"href":"https:\/\/zeleka.com\/index.php?rest_route=\/wp\/v2\/posts\/4484\/revisions"}],"wp:featuredmedia":[{"embeddable":true,"href":"https:\/\/zeleka.com\/index.php?rest_route=\/wp\/v2\/media\/4485"}],"wp:attachment":[{"href":"https:\/\/zeleka.com\/index.php?rest_route=%2Fwp%2Fv2%2Fmedia&parent=4484"}],"wp:term":[{"taxonomy":"category","embeddable":true,"href":"https:\/\/zeleka.com\/index.php?rest_route=%2Fwp%2Fv2%2Fcategories&post=4484"},{"taxonomy":"post_tag","embeddable":true,"href":"https:\/\/zeleka.com\/index.php?rest_route=%2Fwp%2Fv2%2Ftags&post=4484"}],"curies":[{"name":"wp","href":"https:\/\/api.w.org\/{rel}","templated":true}]}}