{"id":4482,"date":"2025-03-31T16:33:20","date_gmt":"2025-03-31T13:33:20","guid":{"rendered":"https:\/\/zeleka.com\/?p=4482"},"modified":"2025-03-31T16:33:20","modified_gmt":"2025-03-31T13:33:20","slug":"trabzonun-caykara-ilcesinde-bayramlasma-etkinlikleri-gerceklesti-caykara-ilcesinde-ilk-bayramlasma-toreni-baram-namazinin-ardindan-caykara-merkez-camiinde-gercekle","status":"publish","type":"post","link":"https:\/\/zeleka.com\/?p=4482","title":{"rendered":"<div id=\"detaymetin\">                            <p>Trabzon\u2019un \u00c7aykara \u0130l\u00e7esinde Bayramla\u015fma etkinlikleri ger\u00e7ekle\u015fti.<\/p><p>\u00c7aykara \u0130l\u00e7esinde ilk bayramla\u015fma t\u00f6reni Baram namaz\u0131n\u0131n ard\u0131ndan \u00c7aykara Merkez Camiinde ger\u00e7ekle\u015ftirildi.Bayr"},"content":{"rendered":"<div id=\"detaymetin\">\n<p>Trabzon\u2019un \u00c7aykara \u0130l\u00e7esinde Bayramla\u015fma etkinlikleri ger\u00e7ekle\u015fti.<\/p>\n<p>\u00c7aykara \u0130l\u00e7esinde ilk bayramla\u015fma t\u00f6reni Baram namaz\u0131n\u0131n ard\u0131ndan \u00c7aykara Merkez Camiinde ger\u00e7ekle\u015ftirildi.Bayramla\u015fma T\u00f6renine \u00c7aykara Kaymakam\u0131 Ali Sapmaz,\u00c7aykara Belediye Ba\u015fkan\u0131 Hanefi Tok,\u0130l\u00e7e Jandarma Komutan\u0131 \u00dcste\u011fmen Emre Can Narin,\u0130l\u00e7e Emniyet Amiri Komiser Alparslan Albayrak ve vatanda\u015flar kat\u0131l\u0131m sa\u011flad\u0131.<\/p>\n<figure><img decoding=\"async\" src=\"https:\/\/caykaragundem.com\/resimler\/2025-3\/31\/1064781025015170.webp\"><\/figure>\n<p>Kaymakam Sapmaz ve Ba\u015fkan Tok ve Protokol \u00fcyeleri Bayramla\u015fma t\u00f6reninin ard\u0131ndan \u0130l\u00e7ede bir \u00e7ay oca\u011f\u0131nda vatanda\u015flar ile bir araya gelerek bayram sohbeti ger\u00e7ekle\u015ftirdi.<\/p>\n<p>Kaymakam Ali Sapmaz,Belediye Ba\u015fkan\u0131 Hanefi Tok ve Protokol \u00fcyeleri daha sonra Bayramda mesaide olan \u00c7aykara M.\u0130lhan Durgun Devlet Hastanesi,\u00c7aykara \u0130l\u00e7e Jandarma Komutanl\u0131\u011f\u0131,\u00c7aykara \u0130l\u00e7e Emniyet Amirli\u011fi,Atak\u00f6y Ruh ve Sinir Hastal\u0131klar\u0131 Hastanesini ziyaret ederek \u00e7al\u0131\u015fanlar\u0131n bayram\u0131n\u0131 kutlad\u0131lar.<\/p>\n<figure><img decoding=\"async\" src=\"https:\/\/caykaragundem.com\/resimler\/2025-3\/31\/73866323933130.webp\"><\/figure>\n<p>Kaymakam Sapmaz ve Ba\u015fkan Tok ayr\u0131ca Bayram\u0131n ilk g\u00fcn\u00fcnde Trafik Denetimi ger\u00e7ekle\u015ftiren \u00c7aykara \u0130l\u00e7e Jandarma Trafik Ekiplerini ziyaret ederek \u00e7al\u0131\u015fan personelin bayram\u0131n\u0131 kutlad\u0131lar ve \u00e7al\u0131\u015fmalara kat\u0131lm sa\u011flayarak vatanda\u015flar\u0131n bayram\u0131n\u0131 tebrik ettiler.<\/p>\n<p>          <\/div>\n","protected":false},"excerpt":{"rendered":"<p>Trabzon\u2019un \u00c7aykara \u0130l\u00e7esinde Bayramla\u015fma etkinlikleri ger\u00e7ekle\u015fti. \u00c7aykara \u0130l\u00e7esinde ilk bayramla\u015fma t\u00f6reni Baram namaz\u0131n\u0131n ard\u0131ndan \u00c7aykara Merkez Camiinde ger\u00e7ekle\u015ftirildi.Bayramla\u015fma T\u00f6renine \u00c7aykara Kaymakam\u0131 Ali Sapmaz,\u00c7aykara Belediye Ba\u015fkan\u0131 Hanefi Tok,\u0130l\u00e7e Jandarma Komutan\u0131 \u00dcste\u011fmen Emre Can Narin,\u0130l\u00e7e Emniyet Amiri Komiser Alparslan Albayrak ve vatanda\u015flar kat\u0131l\u0131m sa\u011flad\u0131. Kaymakam Sapmaz ve Ba\u015fkan Tok ve Protokol \u00fcyeleri Bayramla\u015fma t\u00f6reninin ard\u0131ndan \u0130l\u00e7ede bir [&hellip;]<\/p>\n","protected":false},"author":1,"featured_media":4483,"comment_status":"open","ping_status":"open","sticky":false,"template":"","format":"standard","meta":{"tdm_status":"","tdm_grid_status":"","footnotes":""},"categories":[40],"tags":[],"class_list":{"0":"post-4482","1":"post","2":"type-post","3":"status-publish","4":"format-standard","5":"has-post-thumbnail","7":"category-caykara"},"_links":{"self":[{"href":"https:\/\/zeleka.com\/index.php?rest_route=\/wp\/v2\/posts\/4482","targetHints":{"allow":["GET"]}}],"collection":[{"href":"https:\/\/zeleka.com\/index.php?rest_route=\/wp\/v2\/posts"}],"about":[{"href":"https:\/\/zeleka.com\/index.php?rest_route=\/wp\/v2\/types\/post"}],"author":[{"embeddable":true,"href":"https:\/\/zeleka.com\/index.php?rest_route=\/wp\/v2\/users\/1"}],"replies":[{"embeddable":true,"href":"https:\/\/zeleka.com\/index.php?rest_route=%2Fwp%2Fv2%2Fcomments&post=4482"}],"version-history":[{"count":0,"href":"https:\/\/zeleka.com\/index.php?rest_route=\/wp\/v2\/posts\/4482\/revisions"}],"wp:featuredmedia":[{"embeddable":true,"href":"https:\/\/zeleka.com\/index.php?rest_route=\/wp\/v2\/media\/4483"}],"wp:attachment":[{"href":"https:\/\/zeleka.com\/index.php?rest_route=%2Fwp%2Fv2%2Fmedia&parent=4482"}],"wp:term":[{"taxonomy":"category","embeddable":true,"href":"https:\/\/zeleka.com\/index.php?rest_route=%2Fwp%2Fv2%2Fcategories&post=4482"},{"taxonomy":"post_tag","embeddable":true,"href":"https:\/\/zeleka.com\/index.php?rest_route=%2Fwp%2Fv2%2Ftags&post=4482"}],"curies":[{"name":"wp","href":"https:\/\/api.w.org\/{rel}","templated":true}]}}