{"id":4336,"date":"2025-03-23T14:33:14","date_gmt":"2025-03-23T11:33:14","guid":{"rendered":"https:\/\/zeleka.com\/?p=4336"},"modified":"2025-03-23T14:33:14","modified_gmt":"2025-03-23T11:33:14","slug":"uzungol-dernegi-pendik-kaynarca-subesinden-karadeniz-kulturunu-yasatma-etkinligi-bu-icerik-www-caykaragundem-com-dan-alintidir","status":"publish","type":"post","link":"https:\/\/zeleka.com\/?p=4336","title":{"rendered":"uzung\u00f6l derne\u011fi pendik kaynarca \u015fubesinden karadeniz k\u00fclt\u00fcr\u00fcn\u00fc ya\u015fatma etkinli\u011fi<br\/>  ( Bu i\u00e7erik www.caykaragundem.com &#8216;dan al\u0131nt\u0131d\u0131r. )"},"content":{"rendered":"<p>uzung\u00f6l derne\u011fi pendik kaynarca \u015fubesinden karadeniz k\u00fclt\u00fcr\u00fcn\u00fc ya\u015fatma etkinli\u011fi<\/p>\n","protected":false},"excerpt":{"rendered":"<p>uzung\u00f6l derne\u011fi pendik kaynarca \u015fubesinden karadeniz k\u00fclt\u00fcr\u00fcn\u00fc ya\u015fatma etkinli\u011fi<\/p>\n","protected":false},"author":1,"featured_media":4337,"comment_status":"open","ping_status":"open","sticky":false,"template":"","format":"standard","meta":{"tdm_status":"","tdm_grid_status":"","footnotes":""},"categories":[40],"tags":[],"class_list":{"0":"post-4336","1":"post","2":"type-post","3":"status-publish","4":"format-standard","5":"has-post-thumbnail","7":"category-caykara"},"_links":{"self":[{"href":"https:\/\/zeleka.com\/index.php?rest_route=\/wp\/v2\/posts\/4336","targetHints":{"allow":["GET"]}}],"collection":[{"href":"https:\/\/zeleka.com\/index.php?rest_route=\/wp\/v2\/posts"}],"about":[{"href":"https:\/\/zeleka.com\/index.php?rest_route=\/wp\/v2\/types\/post"}],"author":[{"embeddable":true,"href":"https:\/\/zeleka.com\/index.php?rest_route=\/wp\/v2\/users\/1"}],"replies":[{"embeddable":true,"href":"https:\/\/zeleka.com\/index.php?rest_route=%2Fwp%2Fv2%2Fcomments&post=4336"}],"version-history":[{"count":0,"href":"https:\/\/zeleka.com\/index.php?rest_route=\/wp\/v2\/posts\/4336\/revisions"}],"wp:featuredmedia":[{"embeddable":true,"href":"https:\/\/zeleka.com\/index.php?rest_route=\/wp\/v2\/media\/4337"}],"wp:attachment":[{"href":"https:\/\/zeleka.com\/index.php?rest_route=%2Fwp%2Fv2%2Fmedia&parent=4336"}],"wp:term":[{"taxonomy":"category","embeddable":true,"href":"https:\/\/zeleka.com\/index.php?rest_route=%2Fwp%2Fv2%2Fcategories&post=4336"},{"taxonomy":"post_tag","embeddable":true,"href":"https:\/\/zeleka.com\/index.php?rest_route=%2Fwp%2Fv2%2Ftags&post=4336"}],"curies":[{"name":"wp","href":"https:\/\/api.w.org\/{rel}","templated":true}]}}