{"id":4316,"date":"2025-03-22T14:30:07","date_gmt":"2025-03-22T11:30:07","guid":{"rendered":"https:\/\/zeleka.com\/?p=4316"},"modified":"2025-03-22T14:30:07","modified_gmt":"2025-03-22T11:30:07","slug":"trabzonda-ornek-sahsiyetlerogrenciler-i%cc%87le-bulustu-bu-icerik-www-caykaragundem-com-dan-alintidir","status":"publish","type":"post","link":"https:\/\/zeleka.com\/?p=4316","title":{"rendered":"trabzon&#8217;da \u00f6rnek \u015fahsiyetler,\u00f6\u011frenciler i\u0307le bulu\u015ftu<br\/>  ( Bu i\u00e7erik www.caykaragundem.com &#8216;dan al\u0131nt\u0131d\u0131r. )"},"content":{"rendered":"<p>trabzon&#8217;da \u00f6rnek \u015fahsiyetler,\u00f6\u011frenciler i\u0307le bulu\u015ftu<\/p>\n","protected":false},"excerpt":{"rendered":"<p>trabzon&#8217;da \u00f6rnek \u015fahsiyetler,\u00f6\u011frenciler i\u0307le bulu\u015ftu<\/p>\n","protected":false},"author":1,"featured_media":4317,"comment_status":"open","ping_status":"open","sticky":false,"template":"","format":"standard","meta":{"tdm_status":"","tdm_grid_status":"","footnotes":""},"categories":[40],"tags":[],"class_list":{"0":"post-4316","1":"post","2":"type-post","3":"status-publish","4":"format-standard","5":"has-post-thumbnail","7":"category-caykara"},"_links":{"self":[{"href":"https:\/\/zeleka.com\/index.php?rest_route=\/wp\/v2\/posts\/4316","targetHints":{"allow":["GET"]}}],"collection":[{"href":"https:\/\/zeleka.com\/index.php?rest_route=\/wp\/v2\/posts"}],"about":[{"href":"https:\/\/zeleka.com\/index.php?rest_route=\/wp\/v2\/types\/post"}],"author":[{"embeddable":true,"href":"https:\/\/zeleka.com\/index.php?rest_route=\/wp\/v2\/users\/1"}],"replies":[{"embeddable":true,"href":"https:\/\/zeleka.com\/index.php?rest_route=%2Fwp%2Fv2%2Fcomments&post=4316"}],"version-history":[{"count":0,"href":"https:\/\/zeleka.com\/index.php?rest_route=\/wp\/v2\/posts\/4316\/revisions"}],"wp:featuredmedia":[{"embeddable":true,"href":"https:\/\/zeleka.com\/index.php?rest_route=\/wp\/v2\/media\/4317"}],"wp:attachment":[{"href":"https:\/\/zeleka.com\/index.php?rest_route=%2Fwp%2Fv2%2Fmedia&parent=4316"}],"wp:term":[{"taxonomy":"category","embeddable":true,"href":"https:\/\/zeleka.com\/index.php?rest_route=%2Fwp%2Fv2%2Fcategories&post=4316"},{"taxonomy":"post_tag","embeddable":true,"href":"https:\/\/zeleka.com\/index.php?rest_route=%2Fwp%2Fv2%2Ftags&post=4316"}],"curies":[{"name":"wp","href":"https:\/\/api.w.org\/{rel}","templated":true}]}}