{"id":4304,"date":"2025-03-22T14:30:13","date_gmt":"2025-03-22T11:30:13","guid":{"rendered":"https:\/\/zeleka.com\/?p=4304"},"modified":"2025-03-22T14:30:13","modified_gmt":"2025-03-22T11:30:13","slug":"caykara-dernekpazari-ilcelerinin-dusman-isgalinden-kurtulusunun-107nci-yil-donumu-etkinlikleri-kapsaminda-kurtulus-gecesi-duzenlendi-bu-icerik-www-caykaragundem-com-dan-alintidir","status":"publish","type":"post","link":"https:\/\/zeleka.com\/?p=4304","title":{"rendered":"\u00e7aykara-dernekpazar\u0131 il\u00e7elerinin d\u00fc\u015fman i\u015fgalinden kurtulu\u015funun 107\u2019nc\u0131 y\u0131l d\u00f6n\u00fcm\u00fc etkinlikleri kapsam\u0131nda kurtulu\u015f gecesi d\u00fczenlendi.<br\/>  ( Bu i\u00e7erik www.caykaragundem.com &#8216;dan al\u0131nt\u0131d\u0131r. )"},"content":{"rendered":"<p>\u00e7aykara-dernekpazar\u0131 il\u00e7elerinin d\u00fc\u015fman i\u015fgalinden kurtulu\u015funun 107\u2019nc\u0131 y\u0131l d\u00f6n\u00fcm\u00fc etkinlikleri kapsam\u0131nda kurtulu\u015f gecesi d\u00fczenlendi.<\/p>\n","protected":false},"excerpt":{"rendered":"<p>\u00e7aykara-dernekpazar\u0131 il\u00e7elerinin d\u00fc\u015fman i\u015fgalinden kurtulu\u015funun 107\u2019nc\u0131 y\u0131l d\u00f6n\u00fcm\u00fc etkinlikleri kapsam\u0131nda kurtulu\u015f gecesi d\u00fczenlendi.<\/p>\n","protected":false},"author":1,"featured_media":4305,"comment_status":"open","ping_status":"open","sticky":false,"template":"","format":"standard","meta":{"tdm_status":"","tdm_grid_status":"","footnotes":""},"categories":[40],"tags":[],"class_list":{"0":"post-4304","1":"post","2":"type-post","3":"status-publish","4":"format-standard","5":"has-post-thumbnail","7":"category-caykara"},"_links":{"self":[{"href":"https:\/\/zeleka.com\/index.php?rest_route=\/wp\/v2\/posts\/4304","targetHints":{"allow":["GET"]}}],"collection":[{"href":"https:\/\/zeleka.com\/index.php?rest_route=\/wp\/v2\/posts"}],"about":[{"href":"https:\/\/zeleka.com\/index.php?rest_route=\/wp\/v2\/types\/post"}],"author":[{"embeddable":true,"href":"https:\/\/zeleka.com\/index.php?rest_route=\/wp\/v2\/users\/1"}],"replies":[{"embeddable":true,"href":"https:\/\/zeleka.com\/index.php?rest_route=%2Fwp%2Fv2%2Fcomments&post=4304"}],"version-history":[{"count":0,"href":"https:\/\/zeleka.com\/index.php?rest_route=\/wp\/v2\/posts\/4304\/revisions"}],"wp:featuredmedia":[{"embeddable":true,"href":"https:\/\/zeleka.com\/index.php?rest_route=\/wp\/v2\/media\/4305"}],"wp:attachment":[{"href":"https:\/\/zeleka.com\/index.php?rest_route=%2Fwp%2Fv2%2Fmedia&parent=4304"}],"wp:term":[{"taxonomy":"category","embeddable":true,"href":"https:\/\/zeleka.com\/index.php?rest_route=%2Fwp%2Fv2%2Fcategories&post=4304"},{"taxonomy":"post_tag","embeddable":true,"href":"https:\/\/zeleka.com\/index.php?rest_route=%2Fwp%2Fv2%2Ftags&post=4304"}],"curies":[{"name":"wp","href":"https:\/\/api.w.org\/{rel}","templated":true}]}}