{"id":4170,"date":"2025-03-22T13:29:02","date_gmt":"2025-03-22T10:29:02","guid":{"rendered":"https:\/\/zeleka.com\/?p=4170"},"modified":"2025-03-22T13:29:02","modified_gmt":"2025-03-22T10:29:02","slug":"almanyada-genc-yasta-vefat-ettiuzungolde-son-yolculuguna-ugurlandi-bu-icerik-www-caykaragundem-com-dan-alintidir","status":"publish","type":"post","link":"https:\/\/zeleka.com\/?p=4170","title":{"rendered":"almanya&#8217;da gen\u00e7 ya\u015fta vefat etti,uzung\u00f6l&#8217;de son yolculu\u011funa u\u011furland\u0131<br\/>  ( Bu i\u00e7erik www.caykaragundem.com &#8216;dan al\u0131nt\u0131d\u0131r. )"},"content":{"rendered":"<p>almanya&#8217;da gen\u00e7 ya\u015fta vefat etti,uzung\u00f6l&#8217;de son yolculu\u011funa u\u011furland\u0131<\/p>\n","protected":false},"excerpt":{"rendered":"<p>almanya&#8217;da gen\u00e7 ya\u015fta vefat etti,uzung\u00f6l&#8217;de son yolculu\u011funa u\u011furland\u0131<\/p>\n","protected":false},"author":1,"featured_media":4171,"comment_status":"open","ping_status":"open","sticky":false,"template":"","format":"standard","meta":{"tdm_status":"","tdm_grid_status":"","footnotes":""},"categories":[40],"tags":[],"class_list":{"0":"post-4170","1":"post","2":"type-post","3":"status-publish","4":"format-standard","5":"has-post-thumbnail","7":"category-caykara"},"_links":{"self":[{"href":"https:\/\/zeleka.com\/index.php?rest_route=\/wp\/v2\/posts\/4170","targetHints":{"allow":["GET"]}}],"collection":[{"href":"https:\/\/zeleka.com\/index.php?rest_route=\/wp\/v2\/posts"}],"about":[{"href":"https:\/\/zeleka.com\/index.php?rest_route=\/wp\/v2\/types\/post"}],"author":[{"embeddable":true,"href":"https:\/\/zeleka.com\/index.php?rest_route=\/wp\/v2\/users\/1"}],"replies":[{"embeddable":true,"href":"https:\/\/zeleka.com\/index.php?rest_route=%2Fwp%2Fv2%2Fcomments&post=4170"}],"version-history":[{"count":0,"href":"https:\/\/zeleka.com\/index.php?rest_route=\/wp\/v2\/posts\/4170\/revisions"}],"wp:featuredmedia":[{"embeddable":true,"href":"https:\/\/zeleka.com\/index.php?rest_route=\/wp\/v2\/media\/4171"}],"wp:attachment":[{"href":"https:\/\/zeleka.com\/index.php?rest_route=%2Fwp%2Fv2%2Fmedia&parent=4170"}],"wp:term":[{"taxonomy":"category","embeddable":true,"href":"https:\/\/zeleka.com\/index.php?rest_route=%2Fwp%2Fv2%2Fcategories&post=4170"},{"taxonomy":"post_tag","embeddable":true,"href":"https:\/\/zeleka.com\/index.php?rest_route=%2Fwp%2Fv2%2Ftags&post=4170"}],"curies":[{"name":"wp","href":"https:\/\/api.w.org\/{rel}","templated":true}]}}