{"id":4168,"date":"2025-03-22T13:29:03","date_gmt":"2025-03-22T10:29:03","guid":{"rendered":"https:\/\/zeleka.com\/?p=4168"},"modified":"2025-03-22T13:29:03","modified_gmt":"2025-03-22T10:29:03","slug":"uzungolde-kaderin-ayirdigi-i%cc%87ki-kardese-duygu-yuklu-siir-bu-icerik-www-caykaragundem-com-dan-alintidir","status":"publish","type":"post","link":"https:\/\/zeleka.com\/?p=4168","title":{"rendered":"uzung\u00f6l&#8217;de kaderin ay\u0131rd\u0131\u011f\u0131 i\u0307ki karde\u015fe duygu y\u00fckl\u00fc  \u015fiir<br\/>  ( Bu i\u00e7erik www.caykaragundem.com &#8216;dan al\u0131nt\u0131d\u0131r. )"},"content":{"rendered":"<p>uzung\u00f6l&#8217;de kaderin ay\u0131rd\u0131\u011f\u0131 i\u0307ki karde\u015fe duygu y\u00fckl\u00fc  \u015fiir<\/p>\n","protected":false},"excerpt":{"rendered":"<p>uzung\u00f6l&#8217;de kaderin ay\u0131rd\u0131\u011f\u0131 i\u0307ki karde\u015fe duygu y\u00fckl\u00fc \u015fiir<\/p>\n","protected":false},"author":1,"featured_media":4169,"comment_status":"open","ping_status":"open","sticky":false,"template":"","format":"standard","meta":{"tdm_status":"","tdm_grid_status":"","footnotes":""},"categories":[40],"tags":[],"class_list":{"0":"post-4168","1":"post","2":"type-post","3":"status-publish","4":"format-standard","5":"has-post-thumbnail","7":"category-caykara"},"_links":{"self":[{"href":"https:\/\/zeleka.com\/index.php?rest_route=\/wp\/v2\/posts\/4168","targetHints":{"allow":["GET"]}}],"collection":[{"href":"https:\/\/zeleka.com\/index.php?rest_route=\/wp\/v2\/posts"}],"about":[{"href":"https:\/\/zeleka.com\/index.php?rest_route=\/wp\/v2\/types\/post"}],"author":[{"embeddable":true,"href":"https:\/\/zeleka.com\/index.php?rest_route=\/wp\/v2\/users\/1"}],"replies":[{"embeddable":true,"href":"https:\/\/zeleka.com\/index.php?rest_route=%2Fwp%2Fv2%2Fcomments&post=4168"}],"version-history":[{"count":0,"href":"https:\/\/zeleka.com\/index.php?rest_route=\/wp\/v2\/posts\/4168\/revisions"}],"wp:featuredmedia":[{"embeddable":true,"href":"https:\/\/zeleka.com\/index.php?rest_route=\/wp\/v2\/media\/4169"}],"wp:attachment":[{"href":"https:\/\/zeleka.com\/index.php?rest_route=%2Fwp%2Fv2%2Fmedia&parent=4168"}],"wp:term":[{"taxonomy":"category","embeddable":true,"href":"https:\/\/zeleka.com\/index.php?rest_route=%2Fwp%2Fv2%2Fcategories&post=4168"},{"taxonomy":"post_tag","embeddable":true,"href":"https:\/\/zeleka.com\/index.php?rest_route=%2Fwp%2Fv2%2Ftags&post=4168"}],"curies":[{"name":"wp","href":"https:\/\/api.w.org\/{rel}","templated":true}]}}