{"id":4148,"date":"2025-03-22T13:20:46","date_gmt":"2025-03-22T10:20:46","guid":{"rendered":"https:\/\/zeleka.com\/?p=4148"},"modified":"2025-03-22T13:20:46","modified_gmt":"2025-03-22T10:20:46","slug":"vali-yildirim-i%cc%87ftar-organizasyonunda-sehit-ve-gazi-aileleri-ile-bulustubu-icerik-www-caykaragundem-com-alintidir","status":"publish","type":"post","link":"https:\/\/zeleka.com\/?p=4148","title":{"rendered":"vali y\u0131ld\u0131r\u0131m i\u0307ftar organizasyonunda \u015fehit ve gazi aileleri ile bulu\u015ftu<br\/>Bu icerik www.caykaragundem.com alintidir."},"content":{"rendered":"<p>vali y\u0131ld\u0131r\u0131m i\u0307ftar organizasyonunda \u015fehit ve gazi aileleri ile bulu\u015ftu<\/p>\n","protected":false},"excerpt":{"rendered":"<p>vali y\u0131ld\u0131r\u0131m i\u0307ftar organizasyonunda \u015fehit ve gazi aileleri ile bulu\u015ftu<\/p>\n","protected":false},"author":1,"featured_media":4149,"comment_status":"open","ping_status":"open","sticky":false,"template":"","format":"standard","meta":{"tdm_status":"","tdm_grid_status":"","footnotes":""},"categories":[40],"tags":[],"class_list":{"0":"post-4148","1":"post","2":"type-post","3":"status-publish","4":"format-standard","5":"has-post-thumbnail","7":"category-caykara"},"_links":{"self":[{"href":"https:\/\/zeleka.com\/index.php?rest_route=\/wp\/v2\/posts\/4148","targetHints":{"allow":["GET"]}}],"collection":[{"href":"https:\/\/zeleka.com\/index.php?rest_route=\/wp\/v2\/posts"}],"about":[{"href":"https:\/\/zeleka.com\/index.php?rest_route=\/wp\/v2\/types\/post"}],"author":[{"embeddable":true,"href":"https:\/\/zeleka.com\/index.php?rest_route=\/wp\/v2\/users\/1"}],"replies":[{"embeddable":true,"href":"https:\/\/zeleka.com\/index.php?rest_route=%2Fwp%2Fv2%2Fcomments&post=4148"}],"version-history":[{"count":0,"href":"https:\/\/zeleka.com\/index.php?rest_route=\/wp\/v2\/posts\/4148\/revisions"}],"wp:featuredmedia":[{"embeddable":true,"href":"https:\/\/zeleka.com\/index.php?rest_route=\/wp\/v2\/media\/4149"}],"wp:attachment":[{"href":"https:\/\/zeleka.com\/index.php?rest_route=%2Fwp%2Fv2%2Fmedia&parent=4148"}],"wp:term":[{"taxonomy":"category","embeddable":true,"href":"https:\/\/zeleka.com\/index.php?rest_route=%2Fwp%2Fv2%2Fcategories&post=4148"},{"taxonomy":"post_tag","embeddable":true,"href":"https:\/\/zeleka.com\/index.php?rest_route=%2Fwp%2Fv2%2Ftags&post=4148"}],"curies":[{"name":"wp","href":"https:\/\/api.w.org\/{rel}","templated":true}]}}