{"id":3851,"date":"2025-01-27T14:03:00","date_gmt":"2025-01-27T11:03:00","guid":{"rendered":"https:\/\/zeleka.com\/?p=3851"},"modified":"2025-01-27T14:03:00","modified_gmt":"2025-01-27T11:03:00","slug":"samet-aydogan-gulsenine-kavustu","status":"publish","type":"post","link":"https:\/\/zeleka.com\/?p=3851","title":{"rendered":"Samet Aydo\u011fan G\u00fcl\u015fen\u2019ine kavu\u015ftu"},"content":{"rendered":"<p><img width=\"1024\" height=\"614\" src=\"https:\/\/www.caykaragazetesi.com\/wp-content\/uploads\/2025\/01\/samet-aydogan-gulsenine-kavustu.jpg\" class=\"attachment-post-thumbnail size-post-thumbnail wp-post-image\" alt=\"Samet Aydo\u011fan G\u00fcl\u015fen\u2019ine kavu\u015ftu 27\" decoding=\"async\" loading=\"lazy\" srcset=\"https:\/\/www.caykaragazetesi.com\/wp-content\/uploads\/2025\/01\/samet-aydogan-gulsenine-kavustu.jpg 1024w, https:\/\/www.caykaragazetesi.com\/wp-content\/uploads\/2025\/01\/samet-aydogan-gulsenine-kavustu-768x461.jpg 768w\" sizes=\"auto, (max-width: 1024px) 100vw, 1024px\" title=\"Samet Aydo\u011fan G\u00fcl\u015fen\u2019ine kavu\u015ftu 27\"><\/p>\n<p>\u00a0<\/p>\n<p>\u0130l\u00e7emiz Ta\u015fk\u0131ran Mahallesinden <strong>Hem\u015fire G\u00fcl\u015fen Alt\u0131nsoy<\/strong> ile Yayla\u00f6n\u00fc Mahallesinden <strong>Polis Memuru Samet Aydo\u011fan<\/strong> 06 Ocak 2025 tarihinde aile aras\u0131nda yap\u0131lan ni\u015fan t\u00f6reninden sonra 24 Ocak 2025 tarihinde k\u0131y\u0131lan nikahla resmi aile birlikleri kurdular.<\/p>\n<p>\u0130l\u00e7emiz Ta\u015fk\u0131ran Mahallesinden Fatma &#038; H\u00fcseyin Alt\u0131nsoy\u2019un (\u00d6\u011fretmen) \u00e7iftinin k\u0131zlar\u0131 Hem\u015fire G\u00fcl\u015fen Alt\u0131nsoy ve \u00c7aykara Yayla\u00f6n\u00fc Mahallesinden Mehtap &#038; Necmettin\u00a0 Aydo\u011fan \u00e7iftinin (Turizmci \u00e7iftin) o\u011flu Polis Memuru Samet Aydo\u011fan evlilik niyetlerini \u2018\u2019evet \u2018\u2019diyerek ta\u00e7land\u0131rd\u0131lar. \u00c7iftin d\u00fc\u011f\u00fcn merasimi 16 Haziran 2025 tarihinde Trabzon \u00c7ak\u0131rbey D\u00fc\u011f\u00fcn salonundan ger\u00e7ekle\u015fecek.<\/p>\n<p>\u00c7aykara Gazetesi olarak Gen\u00e7 \u00e7iftlerimize \u00f6m\u00fcr boyu mutluluklar diliyoruz.<\/p>\n<p><a href=\"https:\/\/www.caykaragazetesi.com\/dugun-haberleri\/samet-aydogan-gulsenine-kavustu-72091\/attachment\/samet-aydogan-gulsenine-kavustu-12\/\"><img loading=\"lazy\" decoding=\"async\" width=\"1024\" height=\"614\" src=\"https:\/\/www.caykaragazetesi.com\/wp-content\/uploads\/2025\/01\/samet-aydogan-gulsenine-kavustu-12.jpg\" class=\"attachment-full size-full\" alt=\"Samet Aydo\u011fan G\u00fcl\u015fen\u2019ine kavu\u015ftu 16\" srcset=\"https:\/\/www.caykaragazetesi.com\/wp-content\/uploads\/2025\/01\/samet-aydogan-gulsenine-kavustu-12.jpg 1024w, https:\/\/www.caykaragazetesi.com\/wp-content\/uploads\/2025\/01\/samet-aydogan-gulsenine-kavustu-12-768x461.jpg 768w\" sizes=\"auto, (max-width: 1024px) 100vw, 1024px\" title=\"Samet Aydo\u011fan G\u00fcl\u015fen\u2019ine kavu\u015ftu 16\"><\/a><br \/>\n<a href=\"https:\/\/www.caykaragazetesi.com\/dugun-haberleri\/samet-aydogan-gulsenine-kavustu-72091\/attachment\/samet-aydogan-gulsenine-kavustu-11\/\"><img loading=\"lazy\" decoding=\"async\" width=\"1024\" height=\"614\" src=\"https:\/\/www.caykaragazetesi.com\/wp-content\/uploads\/2025\/01\/samet-aydogan-gulsenine-kavustu-11.jpg\" class=\"attachment-full size-full\" alt=\"Samet Aydo\u011fan G\u00fcl\u015fen\u2019ine kavu\u015ftu 17\" srcset=\"https:\/\/www.caykaragazetesi.com\/wp-content\/uploads\/2025\/01\/samet-aydogan-gulsenine-kavustu-11.jpg 1024w, https:\/\/www.caykaragazetesi.com\/wp-content\/uploads\/2025\/01\/samet-aydogan-gulsenine-kavustu-11-768x461.jpg 768w\" sizes=\"auto, (max-width: 1024px) 100vw, 1024px\" title=\"Samet Aydo\u011fan G\u00fcl\u015fen\u2019ine kavu\u015ftu 17\"><\/a><br \/>\n<a href=\"https:\/\/www.caykaragazetesi.com\/dugun-haberleri\/samet-aydogan-gulsenine-kavustu-72091\/attachment\/samet-aydogan-gulsenine-kavustu-10\/\"><img loading=\"lazy\" decoding=\"async\" width=\"1024\" height=\"614\" src=\"https:\/\/www.caykaragazetesi.com\/wp-content\/uploads\/2025\/01\/samet-aydogan-gulsenine-kavustu-10.jpg\" class=\"attachment-full size-full\" alt=\"Samet Aydo\u011fan G\u00fcl\u015fen\u2019ine kavu\u015ftu 18\" srcset=\"https:\/\/www.caykaragazetesi.com\/wp-content\/uploads\/2025\/01\/samet-aydogan-gulsenine-kavustu-10.jpg 1024w, https:\/\/www.caykaragazetesi.com\/wp-content\/uploads\/2025\/01\/samet-aydogan-gulsenine-kavustu-10-768x461.jpg 768w\" sizes=\"auto, (max-width: 1024px) 100vw, 1024px\" title=\"Samet Aydo\u011fan G\u00fcl\u015fen\u2019ine kavu\u015ftu 18\"><\/a><br \/>\n<a href=\"https:\/\/www.caykaragazetesi.com\/dugun-haberleri\/samet-aydogan-gulsenine-kavustu-72091\/attachment\/samet-aydogan-gulsenine-kavustu-8\/\"><img loading=\"lazy\" decoding=\"async\" width=\"1024\" height=\"614\" src=\"https:\/\/www.caykaragazetesi.com\/wp-content\/uploads\/2025\/01\/samet-aydogan-gulsenine-kavustu-8.jpg\" class=\"attachment-full size-full\" alt=\"Samet Aydo\u011fan G\u00fcl\u015fen\u2019ine kavu\u015ftu 19\" srcset=\"https:\/\/www.caykaragazetesi.com\/wp-content\/uploads\/2025\/01\/samet-aydogan-gulsenine-kavustu-8.jpg 1024w, https:\/\/www.caykaragazetesi.com\/wp-content\/uploads\/2025\/01\/samet-aydogan-gulsenine-kavustu-8-768x461.jpg 768w\" sizes=\"auto, (max-width: 1024px) 100vw, 1024px\" title=\"Samet Aydo\u011fan G\u00fcl\u015fen\u2019ine kavu\u015ftu 19\"><\/a><br \/>\n<a href=\"https:\/\/www.caykaragazetesi.com\/dugun-haberleri\/samet-aydogan-gulsenine-kavustu-72091\/attachment\/samet-aydogan-gulsenine-kavustu-7\/\"><img loading=\"lazy\" decoding=\"async\" width=\"1024\" height=\"614\" src=\"https:\/\/www.caykaragazetesi.com\/wp-content\/uploads\/2025\/01\/samet-aydogan-gulsenine-kavustu-7.jpg\" class=\"attachment-full size-full\" alt=\"Samet Aydo\u011fan G\u00fcl\u015fen\u2019ine kavu\u015ftu 20\" srcset=\"https:\/\/www.caykaragazetesi.com\/wp-content\/uploads\/2025\/01\/samet-aydogan-gulsenine-kavustu-7.jpg 1024w, https:\/\/www.caykaragazetesi.com\/wp-content\/uploads\/2025\/01\/samet-aydogan-gulsenine-kavustu-7-768x461.jpg 768w\" sizes=\"auto, (max-width: 1024px) 100vw, 1024px\" title=\"Samet Aydo\u011fan G\u00fcl\u015fen\u2019ine kavu\u015ftu 20\"><\/a><br \/>\n<a href=\"https:\/\/www.caykaragazetesi.com\/dugun-haberleri\/samet-aydogan-gulsenine-kavustu-72091\/attachment\/samet-aydogan-gulsenine-kavustu-6\/\"><img loading=\"lazy\" decoding=\"async\" width=\"1024\" height=\"614\" src=\"https:\/\/www.caykaragazetesi.com\/wp-content\/uploads\/2025\/01\/samet-aydogan-gulsenine-kavustu-6.jpg\" class=\"attachment-full size-full\" alt=\"Samet Aydo\u011fan G\u00fcl\u015fen\u2019ine kavu\u015ftu 21\" srcset=\"https:\/\/www.caykaragazetesi.com\/wp-content\/uploads\/2025\/01\/samet-aydogan-gulsenine-kavustu-6.jpg 1024w, https:\/\/www.caykaragazetesi.com\/wp-content\/uploads\/2025\/01\/samet-aydogan-gulsenine-kavustu-6-768x461.jpg 768w\" sizes=\"auto, (max-width: 1024px) 100vw, 1024px\" title=\"Samet Aydo\u011fan G\u00fcl\u015fen\u2019ine kavu\u015ftu 21\"><\/a><br \/>\n<a href=\"https:\/\/www.caykaragazetesi.com\/dugun-haberleri\/samet-aydogan-gulsenine-kavustu-72091\/attachment\/samet-aydogan-gulsenine-kavustu-5\/\"><img loading=\"lazy\" decoding=\"async\" width=\"1024\" height=\"614\" src=\"https:\/\/www.caykaragazetesi.com\/wp-content\/uploads\/2025\/01\/samet-aydogan-gulsenine-kavustu-5.jpg\" class=\"attachment-full size-full\" alt=\"Samet Aydo\u011fan G\u00fcl\u015fen\u2019ine kavu\u015ftu 22\" srcset=\"https:\/\/www.caykaragazetesi.com\/wp-content\/uploads\/2025\/01\/samet-aydogan-gulsenine-kavustu-5.jpg 1024w, https:\/\/www.caykaragazetesi.com\/wp-content\/uploads\/2025\/01\/samet-aydogan-gulsenine-kavustu-5-768x461.jpg 768w\" sizes=\"auto, (max-width: 1024px) 100vw, 1024px\" title=\"Samet Aydo\u011fan G\u00fcl\u015fen\u2019ine kavu\u015ftu 22\"><\/a><br \/>\n<a href=\"https:\/\/www.caykaragazetesi.com\/dugun-haberleri\/samet-aydogan-gulsenine-kavustu-72091\/attachment\/samet-aydogan-gulsenine-kavustu-4\/\"><img loading=\"lazy\" decoding=\"async\" width=\"1024\" height=\"614\" src=\"https:\/\/www.caykaragazetesi.com\/wp-content\/uploads\/2025\/01\/samet-aydogan-gulsenine-kavustu-4.jpg\" class=\"attachment-full size-full\" alt=\"Samet Aydo\u011fan G\u00fcl\u015fen\u2019ine kavu\u015ftu 23\" srcset=\"https:\/\/www.caykaragazetesi.com\/wp-content\/uploads\/2025\/01\/samet-aydogan-gulsenine-kavustu-4.jpg 1024w, https:\/\/www.caykaragazetesi.com\/wp-content\/uploads\/2025\/01\/samet-aydogan-gulsenine-kavustu-4-768x461.jpg 768w\" sizes=\"auto, (max-width: 1024px) 100vw, 1024px\" title=\"Samet Aydo\u011fan G\u00fcl\u015fen\u2019ine kavu\u015ftu 23\"><\/a><br \/>\n<a href=\"https:\/\/www.caykaragazetesi.com\/dugun-haberleri\/samet-aydogan-gulsenine-kavustu-72091\/attachment\/samet-aydogan-gulsenine-kavustu-3\/\"><img loading=\"lazy\" decoding=\"async\" width=\"1024\" height=\"614\" src=\"https:\/\/www.caykaragazetesi.com\/wp-content\/uploads\/2025\/01\/samet-aydogan-gulsenine-kavustu-3.jpg\" class=\"attachment-full size-full\" alt=\"Samet Aydo\u011fan G\u00fcl\u015fen\u2019ine kavu\u015ftu 24\" srcset=\"https:\/\/www.caykaragazetesi.com\/wp-content\/uploads\/2025\/01\/samet-aydogan-gulsenine-kavustu-3.jpg 1024w, https:\/\/www.caykaragazetesi.com\/wp-content\/uploads\/2025\/01\/samet-aydogan-gulsenine-kavustu-3-768x461.jpg 768w\" sizes=\"auto, (max-width: 1024px) 100vw, 1024px\" title=\"Samet Aydo\u011fan G\u00fcl\u015fen\u2019ine kavu\u015ftu 24\"><\/a><br \/>\n<a href=\"https:\/\/www.caykaragazetesi.com\/dugun-haberleri\/samet-aydogan-gulsenine-kavustu-72091\/attachment\/samet-aydogan-gulsenine-kavustu-2\/\"><img loading=\"lazy\" decoding=\"async\" width=\"1024\" height=\"614\" src=\"https:\/\/www.caykaragazetesi.com\/wp-content\/uploads\/2025\/01\/samet-aydogan-gulsenine-kavustu-2.jpg\" class=\"attachment-full size-full\" alt=\"Samet Aydo\u011fan G\u00fcl\u015fen\u2019ine kavu\u015ftu 25\" srcset=\"https:\/\/www.caykaragazetesi.com\/wp-content\/uploads\/2025\/01\/samet-aydogan-gulsenine-kavustu-2.jpg 1024w, https:\/\/www.caykaragazetesi.com\/wp-content\/uploads\/2025\/01\/samet-aydogan-gulsenine-kavustu-2-768x461.jpg 768w\" sizes=\"auto, (max-width: 1024px) 100vw, 1024px\" title=\"Samet Aydo\u011fan G\u00fcl\u015fen\u2019ine kavu\u015ftu 25\"><\/a><br \/>\n<a href=\"https:\/\/www.caykaragazetesi.com\/dugun-haberleri\/samet-aydogan-gulsenine-kavustu-72091\/attachment\/samet-aydogan-gulsenine-kavustu\/\"><img loading=\"lazy\" decoding=\"async\" width=\"1024\" height=\"614\" src=\"https:\/\/www.caykaragazetesi.com\/wp-content\/uploads\/2025\/01\/samet-aydogan-gulsenine-kavustu.jpg\" class=\"attachment-full size-full\" alt=\"Samet Aydo\u011fan G\u00fcl\u015fen\u2019ine kavu\u015ftu 26\" srcset=\"https:\/\/www.caykaragazetesi.com\/wp-content\/uploads\/2025\/01\/samet-aydogan-gulsenine-kavustu.jpg 1024w, https:\/\/www.caykaragazetesi.com\/wp-content\/uploads\/2025\/01\/samet-aydogan-gulsenine-kavustu-768x461.jpg 768w\" sizes=\"auto, (max-width: 1024px) 100vw, 1024px\" title=\"Samet Aydo\u011fan G\u00fcl\u015fen\u2019ine kavu\u015ftu 26\"><\/a><br \/>Bu icerik www.caykaragazetesi.com alintidir.<\/p>\n","protected":false},"excerpt":{"rendered":"<p>\u00a0 \u0130l\u00e7emiz Ta\u015fk\u0131ran Mahallesinden Hem\u015fire G\u00fcl\u015fen Alt\u0131nsoy ile Yayla\u00f6n\u00fc Mahallesinden Polis Memuru Samet Aydo\u011fan 06 Ocak 2025 tarihinde aile aras\u0131nda yap\u0131lan ni\u015fan t\u00f6reninden sonra 24 Ocak 2025 tarihinde k\u0131y\u0131lan nikahla resmi aile birlikleri kurdular. \u0130l\u00e7emiz Ta\u015fk\u0131ran Mahallesinden Fatma &#038; H\u00fcseyin Alt\u0131nsoy\u2019un (\u00d6\u011fretmen) \u00e7iftinin k\u0131zlar\u0131 Hem\u015fire G\u00fcl\u015fen Alt\u0131nsoy ve \u00c7aykara Yayla\u00f6n\u00fc Mahallesinden Mehtap &#038; Necmettin\u00a0 Aydo\u011fan [&hellip;]<\/p>\n","protected":false},"author":3,"featured_media":3852,"comment_status":"closed","ping_status":"open","sticky":false,"template":"","format":"standard","meta":{"tdm_status":"","tdm_grid_status":"","footnotes":""},"categories":[40],"tags":[],"class_list":{"0":"post-3851","1":"post","2":"type-post","3":"status-publish","4":"format-standard","5":"has-post-thumbnail","7":"category-caykara"},"_links":{"self":[{"href":"https:\/\/zeleka.com\/index.php?rest_route=\/wp\/v2\/posts\/3851","targetHints":{"allow":["GET"]}}],"collection":[{"href":"https:\/\/zeleka.com\/index.php?rest_route=\/wp\/v2\/posts"}],"about":[{"href":"https:\/\/zeleka.com\/index.php?rest_route=\/wp\/v2\/types\/post"}],"author":[{"embeddable":true,"href":"https:\/\/zeleka.com\/index.php?rest_route=\/wp\/v2\/users\/3"}],"replies":[{"embeddable":true,"href":"https:\/\/zeleka.com\/index.php?rest_route=%2Fwp%2Fv2%2Fcomments&post=3851"}],"version-history":[{"count":0,"href":"https:\/\/zeleka.com\/index.php?rest_route=\/wp\/v2\/posts\/3851\/revisions"}],"wp:featuredmedia":[{"embeddable":true,"href":"https:\/\/zeleka.com\/index.php?rest_route=\/wp\/v2\/media\/3852"}],"wp:attachment":[{"href":"https:\/\/zeleka.com\/index.php?rest_route=%2Fwp%2Fv2%2Fmedia&parent=3851"}],"wp:term":[{"taxonomy":"category","embeddable":true,"href":"https:\/\/zeleka.com\/index.php?rest_route=%2Fwp%2Fv2%2Fcategories&post=3851"},{"taxonomy":"post_tag","embeddable":true,"href":"https:\/\/zeleka.com\/index.php?rest_route=%2Fwp%2Fv2%2Ftags&post=3851"}],"curies":[{"name":"wp","href":"https:\/\/api.w.org\/{rel}","templated":true}]}}