{"id":3849,"date":"2025-01-27T14:38:00","date_gmt":"2025-01-27T11:38:00","guid":{"rendered":"https:\/\/zeleka.com\/?p=3849"},"modified":"2025-01-27T14:38:00","modified_gmt":"2025-01-27T11:38:00","slug":"temel-efsanesi-geri-donuyor","status":"publish","type":"post","link":"https:\/\/zeleka.com\/?p=3849","title":{"rendered":"TEMEL efsanesi geri d\u00f6n\u00fcyor!"},"content":{"rendered":"<p><img width=\"1024\" height=\"575\" src=\"https:\/\/www.caykaragazetesi.com\/wp-content\/uploads\/2025\/01\/temel-efsanesi-geri-donuyor-9.jpeg\" class=\"attachment-post-thumbnail size-post-thumbnail wp-post-image\" alt=\"TEMEL efsanesi geri d\u00f6n\u00fcyor! 14\" decoding=\"async\" loading=\"lazy\" srcset=\"https:\/\/www.caykaragazetesi.com\/wp-content\/uploads\/2025\/01\/temel-efsanesi-geri-donuyor-9.jpeg 1024w, https:\/\/www.caykaragazetesi.com\/wp-content\/uploads\/2025\/01\/temel-efsanesi-geri-donuyor-9-768x431.jpeg 768w\" sizes=\"auto, (max-width: 1024px) 100vw, 1024px\" title=\"TEMEL efsanesi geri d\u00f6n\u00fcyor! 14\"><\/p>\n<p class=\"s2\">Y\u00f6netmenli\u011fini \u00c7aykaral\u0131 y\u00f6netmen Bilal Kalyoncu\u2019nun yapt\u0131\u011f\u0131 \u201c<span class=\"s3\">Temel <\/span><span class=\"s3\">\u2013<\/span> <span class=\"s3\">S\u00fcmela\u2019n\u0131n \u015eifresi Yeniden\u201d 31 Ocak\u2019ta sinemalarda g\u00f6sterime giriyor.<\/span><\/p>\n<p class=\"s2\">Mizah\u2019\u0131n efendisi, karadenizin gururu TEMEL bu sefer Fadime\u2019nin a\u015fk\u0131ndan ba\u015f\u0131n\u0131 bir s\u00fcr\u00fc trajikomik olay\u0131n i\u00e7ine sokuyor. Leyla ile Mecnun, Ferhat ile \u015eirin bile Temel ile Fadime\u2019nin a\u015fk\u0131n\u0131, TEMEL\u2019in fadime i\u00e7in \u00e7ekti\u011fi zorluklar\u0131 k\u0131skanacak!<\/p>\n<p class=\"s2\"><span class=\"s3\">\u201c<\/span><span class=\"s3\">Temel <\/span><span class=\"s3\">\u2013<\/span> <span class=\"s3\">S\u00fcmela\u2019n\u0131n \u015eifresi Yeniden\u201d Sinemalarda!<\/span><\/p>\n<p class=\"s2\">Karadeniz\u2019in efsane kahraman\u0131 Temel, kahkaha dolu yepyeni bir macerayla geri d\u00f6n\u00fcyor! 31 Ocak itibariyle sinema severlerle bulu\u015facak olan \u201cTemel \u2013 S\u00fcmela\u2019n\u0131n \u015eifresi Yeniden\u201d, Karadeniz\u2019in kendine has karakterlerini ve esprilerini bir kez daha beyaz perdeye ta\u015f\u0131yarak izleyenlere unutulmaz bir seyir keyfi sunacak.<\/p>\n<p class=\"s2\"><strong><span class=\"s3\">Filmin konusu:<\/span><\/strong><\/p>\n<p class=\"s2\">Filmde Temel, \u00e7ok sevdi\u011fi Fadime ile evlenmesine engel olan kay\u0131npederinin g\u00f6nl\u00fcn\u00fc kazanabilmek i\u00e7in buldu\u011fu fikir y\u00fcz\u00fcnden, Trabzonspor\u2019un as kalecisini istemeden sakatlamas\u0131yla b\u00fcy\u00fck bir karma\u015faya yol a\u00e7ar. \u00c7\u00f6z\u00fcm\u00fc G\u00fcrcistan\u2019\u0131n pop\u00fcler kalecisi Kiknadze\u2019yi al\u0131p Trabzonagetirmekte bulan Temel ve Dursun, solu\u011fu Batum\u2019da al\u0131r. Ancak, ba\u015flar\u0131 Batum\u2019da da beladan kurtulmaz!<\/p>\n<p class=\"s2\">Bilal Kalyoncu\u2019nun y\u00f6netmen koltu\u011funda oturdu\u011fu ve Y\u0131lmaz Okumu\u015f\u2019un senaryosunu kaleme ald\u0131\u011f\u0131 film, sadece Karadeniz\u2019in mizahi y\u00fcz\u00fcn\u00fc sunmakla kalm\u0131yor; ayn\u0131 zamanda aile, dostluk ve dayan\u0131\u015fma gibi evrensel temalar\u0131 da i\u015fliyor.<\/p>\n<p class=\"s2\"><strong><span class=\"s3\">Y\u0131ld\u0131zlarla Dolu Kadro<\/span><\/strong><\/p>\n<p class=\"s2\">Ba\u015frollerde Alper Kul ve \u00d6yk\u00fc G\u00fcrman\u2019\u0131n yer ald\u0131\u011f\u0131 bu renkli yap\u0131mda, onlara G\u00fcrkan Uygun, Salih Kalyon, AdemY\u0131lmaz ve \u015einasi Yurtsever gibi \u00f6nemli oyuncular e\u015flik ediyor.<\/p>\n<p class=\"s2\"><strong><span class=\"s3\">\u015eota<\/span> <span class=\"s3\">Arveladze<\/span> <span class=\"s3\">S\u00fcprizi<\/span><\/strong><\/p>\n<p class=\"s2\">Trabzonspor\u2019un gol kral\u0131 efsane futbolcu \u015eota Arveladze de filmde konuk oyuncu olarak yer ald\u0131.<\/p>\n<p class=\"s2\"><strong><span class=\"s3\">Film Hakk\u0131nda Detaylar:<\/span><\/strong><\/p>\n<p class=\"s2\">T\u00fcr: Komedi \/ Macera<\/p>\n<p class=\"s2\">S\u00fcre: 90 Dakika<\/p>\n<p class=\"s2\">Yap\u0131mc\u0131: AKC Sinema \u2013 2506 Sinema Televizyon<\/p>\n<p class=\"s2\">Vizyon Tarihi: 31 Ocak 2025<\/p>\n<p class=\"s2\">Oyuncular: Alper Kul \u2013 \u00d6yk\u00fc G\u00fcrman \u2013 G\u00fcrkan Uygun \u2013 Salih Kalyon \u2013 Adem Y\u0131lmaz \u2013 \u015einasi Yurtsever<\/p>\n<p class=\"s2\">Senarist: Y\u0131lmaz Okumu\u015f<\/p>\n<p class=\"s2\">Y\u00f6netmen: Bilal Kalyoncu<\/p>\n<p><a href=\"https:\/\/www.caykaragazetesi.com\/sanat\/temel-efsanesi-geri-donuyor-72106\/attachment\/temel-efsanesi-geri-donuyor-7\/\"><img loading=\"lazy\" decoding=\"async\" width=\"1024\" height=\"662\" src=\"https:\/\/www.caykaragazetesi.com\/wp-content\/uploads\/2025\/01\/temel-efsanesi-geri-donuyor-7.jpeg\" class=\"attachment-full size-full\" alt=\"TEMEL efsanesi geri d\u00f6n\u00fcyor! 6\" srcset=\"https:\/\/www.caykaragazetesi.com\/wp-content\/uploads\/2025\/01\/temel-efsanesi-geri-donuyor-7.jpeg 1024w, https:\/\/www.caykaragazetesi.com\/wp-content\/uploads\/2025\/01\/temel-efsanesi-geri-donuyor-7-768x497.jpeg 768w\" sizes=\"auto, (max-width: 1024px) 100vw, 1024px\" title=\"TEMEL efsanesi geri d\u00f6n\u00fcyor! 6\"><\/a><br \/>\n<a href=\"https:\/\/www.caykaragazetesi.com\/sanat\/temel-efsanesi-geri-donuyor-72106\/attachment\/temel-efsanesi-geri-donuyor-6\/\"><img loading=\"lazy\" decoding=\"async\" width=\"1024\" height=\"662\" src=\"https:\/\/www.caykaragazetesi.com\/wp-content\/uploads\/2025\/01\/temel-efsanesi-geri-donuyor-6.jpeg\" class=\"attachment-full size-full\" alt=\"TEMEL efsanesi geri d\u00f6n\u00fcyor! 7\" srcset=\"https:\/\/www.caykaragazetesi.com\/wp-content\/uploads\/2025\/01\/temel-efsanesi-geri-donuyor-6.jpeg 1024w, https:\/\/www.caykaragazetesi.com\/wp-content\/uploads\/2025\/01\/temel-efsanesi-geri-donuyor-6-768x497.jpeg 768w\" sizes=\"auto, (max-width: 1024px) 100vw, 1024px\" title=\"TEMEL efsanesi geri d\u00f6n\u00fcyor! 7\"><\/a><br \/>\n<a href=\"https:\/\/www.caykaragazetesi.com\/sanat\/temel-efsanesi-geri-donuyor-72106\/attachment\/temel-efsanesi-geri-donuyor-5\/\"><img loading=\"lazy\" decoding=\"async\" width=\"1024\" height=\"662\" src=\"https:\/\/www.caykaragazetesi.com\/wp-content\/uploads\/2025\/01\/temel-efsanesi-geri-donuyor-5.jpeg\" class=\"attachment-full size-full\" alt=\"TEMEL efsanesi geri d\u00f6n\u00fcyor! 8\" srcset=\"https:\/\/www.caykaragazetesi.com\/wp-content\/uploads\/2025\/01\/temel-efsanesi-geri-donuyor-5.jpeg 1024w, https:\/\/www.caykaragazetesi.com\/wp-content\/uploads\/2025\/01\/temel-efsanesi-geri-donuyor-5-768x497.jpeg 768w\" sizes=\"auto, (max-width: 1024px) 100vw, 1024px\" title=\"TEMEL efsanesi geri d\u00f6n\u00fcyor! 8\"><\/a><br \/>\n<a href=\"https:\/\/www.caykaragazetesi.com\/sanat\/temel-efsanesi-geri-donuyor-72106\/attachment\/temel-efsanesi-geri-donuyor-4\/\"><img loading=\"lazy\" decoding=\"async\" width=\"1024\" height=\"662\" src=\"https:\/\/www.caykaragazetesi.com\/wp-content\/uploads\/2025\/01\/temel-efsanesi-geri-donuyor-4.jpeg\" class=\"attachment-full size-full\" alt=\"TEMEL efsanesi geri d\u00f6n\u00fcyor! 9\" srcset=\"https:\/\/www.caykaragazetesi.com\/wp-content\/uploads\/2025\/01\/temel-efsanesi-geri-donuyor-4.jpeg 1024w, https:\/\/www.caykaragazetesi.com\/wp-content\/uploads\/2025\/01\/temel-efsanesi-geri-donuyor-4-768x497.jpeg 768w\" sizes=\"auto, (max-width: 1024px) 100vw, 1024px\" title=\"TEMEL efsanesi geri d\u00f6n\u00fcyor! 9\"><\/a><br \/>\n<a href=\"https:\/\/www.caykaragazetesi.com\/sanat\/temel-efsanesi-geri-donuyor-72106\/attachment\/temel-efsanesi-geri-donuyor-3\/\"><img loading=\"lazy\" decoding=\"async\" width=\"1024\" height=\"662\" src=\"https:\/\/www.caykaragazetesi.com\/wp-content\/uploads\/2025\/01\/temel-efsanesi-geri-donuyor-3.jpeg\" class=\"attachment-full size-full\" alt=\"TEMEL efsanesi geri d\u00f6n\u00fcyor! 10\" srcset=\"https:\/\/www.caykaragazetesi.com\/wp-content\/uploads\/2025\/01\/temel-efsanesi-geri-donuyor-3.jpeg 1024w, https:\/\/www.caykaragazetesi.com\/wp-content\/uploads\/2025\/01\/temel-efsanesi-geri-donuyor-3-768x497.jpeg 768w\" sizes=\"auto, (max-width: 1024px) 100vw, 1024px\" title=\"TEMEL efsanesi geri d\u00f6n\u00fcyor! 10\"><\/a><br \/>\n<a href=\"https:\/\/www.caykaragazetesi.com\/sanat\/temel-efsanesi-geri-donuyor-72106\/attachment\/temel-efsanesi-geri-donuyor-2\/\"><img loading=\"lazy\" decoding=\"async\" width=\"1024\" height=\"662\" src=\"https:\/\/www.caykaragazetesi.com\/wp-content\/uploads\/2025\/01\/temel-efsanesi-geri-donuyor-2.jpeg\" class=\"attachment-full size-full\" alt=\"TEMEL efsanesi geri d\u00f6n\u00fcyor! 11\" srcset=\"https:\/\/www.caykaragazetesi.com\/wp-content\/uploads\/2025\/01\/temel-efsanesi-geri-donuyor-2.jpeg 1024w, https:\/\/www.caykaragazetesi.com\/wp-content\/uploads\/2025\/01\/temel-efsanesi-geri-donuyor-2-768x497.jpeg 768w\" sizes=\"auto, (max-width: 1024px) 100vw, 1024px\" title=\"TEMEL efsanesi geri d\u00f6n\u00fcyor! 11\"><\/a><br \/>\n<a href=\"https:\/\/www.caykaragazetesi.com\/sanat\/temel-efsanesi-geri-donuyor-72106\/attachment\/temel-efsanesi-geri-donuyor\/\"><img loading=\"lazy\" decoding=\"async\" width=\"1024\" height=\"662\" src=\"https:\/\/www.caykaragazetesi.com\/wp-content\/uploads\/2025\/01\/temel-efsanesi-geri-donuyor.jpeg\" class=\"attachment-full size-full\" alt=\"TEMEL efsanesi geri d\u00f6n\u00fcyor! 12\" srcset=\"https:\/\/www.caykaragazetesi.com\/wp-content\/uploads\/2025\/01\/temel-efsanesi-geri-donuyor.jpeg 1024w, https:\/\/www.caykaragazetesi.com\/wp-content\/uploads\/2025\/01\/temel-efsanesi-geri-donuyor-768x497.jpeg 768w\" sizes=\"auto, (max-width: 1024px) 100vw, 1024px\" title=\"TEMEL efsanesi geri d\u00f6n\u00fcyor! 12\"><\/a><br \/>\n<a href=\"https:\/\/www.caykaragazetesi.com\/sanat\/temel-efsanesi-geri-donuyor-72106\/attachment\/temel-efsanesi-geri-donuyor-8\/\"><img loading=\"lazy\" decoding=\"async\" width=\"1024\" height=\"662\" src=\"https:\/\/www.caykaragazetesi.com\/wp-content\/uploads\/2025\/01\/temel-efsanesi-geri-donuyor-8.jpeg\" class=\"attachment-full size-full\" alt=\"TEMEL efsanesi geri d\u00f6n\u00fcyor! 13\" srcset=\"https:\/\/www.caykaragazetesi.com\/wp-content\/uploads\/2025\/01\/temel-efsanesi-geri-donuyor-8.jpeg 1024w, https:\/\/www.caykaragazetesi.com\/wp-content\/uploads\/2025\/01\/temel-efsanesi-geri-donuyor-8-768x497.jpeg 768w\" sizes=\"auto, (max-width: 1024px) 100vw, 1024px\" title=\"TEMEL efsanesi geri d\u00f6n\u00fcyor! 13\"><\/a><br \/>Bu icerik www.caykaragazetesi.com alintidir.<\/p>\n","protected":false},"excerpt":{"rendered":"<p>Y\u00f6netmenli\u011fini \u00c7aykaral\u0131 y\u00f6netmen Bilal Kalyoncu\u2019nun yapt\u0131\u011f\u0131 \u201cTemel \u2013 S\u00fcmela\u2019n\u0131n \u015eifresi Yeniden\u201d 31 Ocak\u2019ta sinemalarda g\u00f6sterime giriyor. Mizah\u2019\u0131n efendisi, karadenizin gururu TEMEL bu sefer Fadime\u2019nin a\u015fk\u0131ndan ba\u015f\u0131n\u0131 bir s\u00fcr\u00fc trajikomik olay\u0131n i\u00e7ine sokuyor. Leyla ile Mecnun, Ferhat ile \u015eirin bile Temel ile Fadime\u2019nin a\u015fk\u0131n\u0131, TEMEL\u2019in fadime i\u00e7in \u00e7ekti\u011fi zorluklar\u0131 k\u0131skanacak! \u201cTemel \u2013 S\u00fcmela\u2019n\u0131n \u015eifresi Yeniden\u201d Sinemalarda! [&hellip;]<\/p>\n","protected":false},"author":2,"featured_media":3850,"comment_status":"closed","ping_status":"open","sticky":false,"template":"","format":"standard","meta":{"tdm_status":"","tdm_grid_status":"","footnotes":""},"categories":[40],"tags":[],"class_list":{"0":"post-3849","1":"post","2":"type-post","3":"status-publish","4":"format-standard","5":"has-post-thumbnail","7":"category-caykara"},"_links":{"self":[{"href":"https:\/\/zeleka.com\/index.php?rest_route=\/wp\/v2\/posts\/3849","targetHints":{"allow":["GET"]}}],"collection":[{"href":"https:\/\/zeleka.com\/index.php?rest_route=\/wp\/v2\/posts"}],"about":[{"href":"https:\/\/zeleka.com\/index.php?rest_route=\/wp\/v2\/types\/post"}],"author":[{"embeddable":true,"href":"https:\/\/zeleka.com\/index.php?rest_route=\/wp\/v2\/users\/2"}],"replies":[{"embeddable":true,"href":"https:\/\/zeleka.com\/index.php?rest_route=%2Fwp%2Fv2%2Fcomments&post=3849"}],"version-history":[{"count":0,"href":"https:\/\/zeleka.com\/index.php?rest_route=\/wp\/v2\/posts\/3849\/revisions"}],"wp:featuredmedia":[{"embeddable":true,"href":"https:\/\/zeleka.com\/index.php?rest_route=\/wp\/v2\/media\/3850"}],"wp:attachment":[{"href":"https:\/\/zeleka.com\/index.php?rest_route=%2Fwp%2Fv2%2Fmedia&parent=3849"}],"wp:term":[{"taxonomy":"category","embeddable":true,"href":"https:\/\/zeleka.com\/index.php?rest_route=%2Fwp%2Fv2%2Fcategories&post=3849"},{"taxonomy":"post_tag","embeddable":true,"href":"https:\/\/zeleka.com\/index.php?rest_route=%2Fwp%2Fv2%2Ftags&post=3849"}],"curies":[{"name":"wp","href":"https:\/\/api.w.org\/{rel}","templated":true}]}}