{"id":3847,"date":"2025-01-28T00:46:00","date_gmt":"2025-01-27T21:46:00","guid":{"rendered":"https:\/\/zeleka.com\/?p=3847"},"modified":"2025-01-28T00:46:00","modified_gmt":"2025-01-27T21:46:00","slug":"caykara-tur-yeniden-comlekciden-kalkacak","status":"publish","type":"post","link":"https:\/\/zeleka.com\/?p=3847","title":{"rendered":"\u00c7aykara Tur yeniden \u00c7\u00f6mlek\u00e7i\u2019den kalkacak"},"content":{"rendered":"<p><img loading=\"lazy\" width=\"945\" height=\"532\" src=\"https:\/\/www.caykaragazetesi.com\/wp-content\/uploads\/2025\/01\/caykara-tur-yeniden-comlekciden-kalkacak.jpeg\" class=\"attachment-post-thumbnail size-post-thumbnail wp-post-image\" alt=\"\u00c7aykara Tur yeniden \u00c7\u00f6mlek\u00e7i\u2019den kalkacak 4\" decoding=\"async\" srcset=\"https:\/\/www.caykaragazetesi.com\/wp-content\/uploads\/2025\/01\/caykara-tur-yeniden-comlekciden-kalkacak.jpeg 945w, https:\/\/www.caykaragazetesi.com\/wp-content\/uploads\/2025\/01\/caykara-tur-yeniden-comlekciden-kalkacak-768x432.jpeg 768w\" sizes=\"auto, (max-width: 945px) 100vw, 945px\" title=\"\u00c7aykara Tur yeniden \u00c7\u00f6mlek\u00e7i\u2019den kalkacak 4\"><\/p>\n<p>\u00d6nceki hafta al\u0131nan karar do\u011frultusunda do\u011fu il\u00e7elerinin minib\u00fcs duraklar\u0131 Trabzon Moloz semtine ta\u015f\u0131nm\u0131\u015ft\u0131.<\/p>\n<p>\u00c7aykara Tur y\u00f6netiminden bu ak\u015fam yap\u0131lan duyuruda yar\u0131ndan itibaren(28 Ocak 2025) \u00c7aykara Tur minib\u00fcslerinin Trabzon\u2019da \u00f6nceki kalk\u0131\u015f noktas\u0131 olan \u00c7\u00f6mlek\u00e7i semtine d\u00f6n\u00fc\u015f yap\u0131larak \u00c7aykara Oteli yan\u0131ndan kalkaca\u011f\u0131 ifade edildi.<\/p>\n<p>Trabzon\u2019dan \u00c7aykara ve Dernekpazar\u0131 istikametine seyahat edecek hem\u015fehrilerimizin dikkatine sunulur.<\/p>\n<p><img loading=\"lazy\" decoding=\"async\" class=\"alignleft size-full wp-image-72121\" src=\"https:\/\/www.caykaragazetesi.com\/wp-content\/uploads\/2025\/01\/caykara-tur-yeniden-comlekciden-kalkacak-2.jpeg\" alt=\"\u00c7aykara Tur yeniden \u00c7\u00f6mlek\u00e7i\u2019den kalkacak 3\" width=\"740\" height=\"1024\" title=\"\u00c7aykara Tur yeniden \u00c7\u00f6mlek\u00e7i\u2019den kalkacak 3\"><\/p>\n<p>\u00a0<\/p>\n<p>Bu icerik www.caykaragazetesi.com alintidir.<\/p>\n","protected":false},"excerpt":{"rendered":"<p>\u00d6nceki hafta al\u0131nan karar do\u011frultusunda do\u011fu il\u00e7elerinin minib\u00fcs duraklar\u0131 Trabzon Moloz semtine ta\u015f\u0131nm\u0131\u015ft\u0131. \u00c7aykara Tur y\u00f6netiminden bu ak\u015fam yap\u0131lan duyuruda yar\u0131ndan itibaren(28 Ocak 2025) \u00c7aykara Tur minib\u00fcslerinin Trabzon\u2019da \u00f6nceki kalk\u0131\u015f noktas\u0131 olan \u00c7\u00f6mlek\u00e7i semtine d\u00f6n\u00fc\u015f yap\u0131larak \u00c7aykara Oteli yan\u0131ndan kalkaca\u011f\u0131 ifade edildi. Trabzon\u2019dan \u00c7aykara ve Dernekpazar\u0131 istikametine seyahat edecek hem\u015fehrilerimizin dikkatine sunulur. \u00a0 Bu icerik [&hellip;]<\/p>\n","protected":false},"author":2,"featured_media":3848,"comment_status":"closed","ping_status":"open","sticky":false,"template":"","format":"standard","meta":{"tdm_status":"","tdm_grid_status":"","footnotes":""},"categories":[40],"tags":[],"class_list":{"0":"post-3847","1":"post","2":"type-post","3":"status-publish","4":"format-standard","5":"has-post-thumbnail","7":"category-caykara"},"_links":{"self":[{"href":"https:\/\/zeleka.com\/index.php?rest_route=\/wp\/v2\/posts\/3847","targetHints":{"allow":["GET"]}}],"collection":[{"href":"https:\/\/zeleka.com\/index.php?rest_route=\/wp\/v2\/posts"}],"about":[{"href":"https:\/\/zeleka.com\/index.php?rest_route=\/wp\/v2\/types\/post"}],"author":[{"embeddable":true,"href":"https:\/\/zeleka.com\/index.php?rest_route=\/wp\/v2\/users\/2"}],"replies":[{"embeddable":true,"href":"https:\/\/zeleka.com\/index.php?rest_route=%2Fwp%2Fv2%2Fcomments&post=3847"}],"version-history":[{"count":0,"href":"https:\/\/zeleka.com\/index.php?rest_route=\/wp\/v2\/posts\/3847\/revisions"}],"wp:featuredmedia":[{"embeddable":true,"href":"https:\/\/zeleka.com\/index.php?rest_route=\/wp\/v2\/media\/3848"}],"wp:attachment":[{"href":"https:\/\/zeleka.com\/index.php?rest_route=%2Fwp%2Fv2%2Fmedia&parent=3847"}],"wp:term":[{"taxonomy":"category","embeddable":true,"href":"https:\/\/zeleka.com\/index.php?rest_route=%2Fwp%2Fv2%2Fcategories&post=3847"},{"taxonomy":"post_tag","embeddable":true,"href":"https:\/\/zeleka.com\/index.php?rest_route=%2Fwp%2Fv2%2Ftags&post=3847"}],"curies":[{"name":"wp","href":"https:\/\/api.w.org\/{rel}","templated":true}]}}