{"id":3845,"date":"2025-01-26T15:56:00","date_gmt":"2025-01-26T12:56:00","guid":{"rendered":"https:\/\/zeleka.com\/?p=3845"},"modified":"2025-01-26T15:56:00","modified_gmt":"2025-01-26T12:56:00","slug":"taskiran-mahallesinden-resmiye-agirman-vefat-etti","status":"publish","type":"post","link":"https:\/\/zeleka.com\/?p=3845","title":{"rendered":"Ta\u015fk\u0131ran Mahallesinden Resmiye A\u011f\u0131rman vefat etti"},"content":{"rendered":"<p><img loading=\"lazy\" width=\"986\" height=\"592\" src=\"https:\/\/www.caykaragazetesi.com\/wp-content\/uploads\/2025\/01\/taskiran-mahallesinden-resmiye-agirman-vefat-etti.jpg\" class=\"attachment-post-thumbnail size-post-thumbnail wp-post-image\" alt=\"Ta\u015fk\u0131ran Mahallesinden Resmiye A\u011f\u0131rman vefat etti 2\" decoding=\"async\" srcset=\"https:\/\/www.caykaragazetesi.com\/wp-content\/uploads\/2025\/01\/taskiran-mahallesinden-resmiye-agirman-vefat-etti.jpg 986w, https:\/\/www.caykaragazetesi.com\/wp-content\/uploads\/2025\/01\/taskiran-mahallesinden-resmiye-agirman-vefat-etti-768x461.jpg 768w\" sizes=\"auto, (max-width: 986px) 100vw, 986px\" title=\"Ta\u015fk\u0131ran Mahallesinden Resmiye A\u011f\u0131rman vefat etti 2\"><\/p>\n<p>\u0130l\u00e7emiz Ta\u015fk\u0131ran Mahallesinden merhum Refik A\u011f\u0131rman\u2019\u0131n e\u015fi Zeki, Orhan T\u00f6man\u2019\u0131n karde\u015fleri Resmiye A\u011f\u0131rman(64) uzun zamandan beri m\u00fccadele etti\u011fi amans\u0131z hastal\u0131\u011f\u0131na yenik d\u00fc\u015ferek hayat\u0131n\u0131 kaybetti. (E\u015fi Refik A\u011f\u0131rman 24 Eyl\u00fcl 2023 tarihinde hayat\u0131n\u0131 kaybetmi\u015fti )<\/p>\n<p>Merhume Resmiye A\u011f\u0131rman\u2019\u0131n cenazesi 26 Ocak 2025 Pazar g\u00fcn\u00fc Ta\u015fk\u0131ran Merkez Camii\u2019nde \u00f6\u011flen namaz\u0131 m\u00fcteakiben k\u0131l\u0131nan cenaze namaz\u0131 ard\u0131ndan sonsuza u\u011furland\u0131.<\/p>\n<p>\u0130LET\u0130M:<\/p>\n<p>Abisi: Zeki (H\u00fcseyin) T\u00f6man 0535 420 30 75<\/p>\n<p>Karde\u015fi :Orhan T\u00f6man 0505 241 79 14<\/p>\n<p>\u00c7aykara Gazetesi olarak merhumeye Allah\u2019tan rahmet ailesine sevenlerine sab\u0131r diliyoruz.<\/p>\n<p>\u00a0<\/p>\n<p>Bu icerik www.caykaragazetesi.com alintidir.<\/p>\n","protected":false},"excerpt":{"rendered":"<p>\u0130l\u00e7emiz Ta\u015fk\u0131ran Mahallesinden merhum Refik A\u011f\u0131rman\u2019\u0131n e\u015fi Zeki, Orhan T\u00f6man\u2019\u0131n karde\u015fleri Resmiye A\u011f\u0131rman(64) uzun zamandan beri m\u00fccadele etti\u011fi amans\u0131z hastal\u0131\u011f\u0131na yenik d\u00fc\u015ferek hayat\u0131n\u0131 kaybetti. (E\u015fi Refik A\u011f\u0131rman 24 Eyl\u00fcl 2023 tarihinde hayat\u0131n\u0131 kaybetmi\u015fti ) Merhume Resmiye A\u011f\u0131rman\u2019\u0131n cenazesi 26 Ocak 2025 Pazar g\u00fcn\u00fc Ta\u015fk\u0131ran Merkez Camii\u2019nde \u00f6\u011flen namaz\u0131 m\u00fcteakiben k\u0131l\u0131nan cenaze namaz\u0131 ard\u0131ndan sonsuza u\u011furland\u0131. [&hellip;]<\/p>\n","protected":false},"author":3,"featured_media":3846,"comment_status":"closed","ping_status":"open","sticky":false,"template":"","format":"standard","meta":{"tdm_status":"","tdm_grid_status":"","footnotes":""},"categories":[40],"tags":[],"class_list":{"0":"post-3845","1":"post","2":"type-post","3":"status-publish","4":"format-standard","5":"has-post-thumbnail","7":"category-caykara"},"_links":{"self":[{"href":"https:\/\/zeleka.com\/index.php?rest_route=\/wp\/v2\/posts\/3845","targetHints":{"allow":["GET"]}}],"collection":[{"href":"https:\/\/zeleka.com\/index.php?rest_route=\/wp\/v2\/posts"}],"about":[{"href":"https:\/\/zeleka.com\/index.php?rest_route=\/wp\/v2\/types\/post"}],"author":[{"embeddable":true,"href":"https:\/\/zeleka.com\/index.php?rest_route=\/wp\/v2\/users\/3"}],"replies":[{"embeddable":true,"href":"https:\/\/zeleka.com\/index.php?rest_route=%2Fwp%2Fv2%2Fcomments&post=3845"}],"version-history":[{"count":0,"href":"https:\/\/zeleka.com\/index.php?rest_route=\/wp\/v2\/posts\/3845\/revisions"}],"wp:featuredmedia":[{"embeddable":true,"href":"https:\/\/zeleka.com\/index.php?rest_route=\/wp\/v2\/media\/3846"}],"wp:attachment":[{"href":"https:\/\/zeleka.com\/index.php?rest_route=%2Fwp%2Fv2%2Fmedia&parent=3845"}],"wp:term":[{"taxonomy":"category","embeddable":true,"href":"https:\/\/zeleka.com\/index.php?rest_route=%2Fwp%2Fv2%2Fcategories&post=3845"},{"taxonomy":"post_tag","embeddable":true,"href":"https:\/\/zeleka.com\/index.php?rest_route=%2Fwp%2Fv2%2Ftags&post=3845"}],"curies":[{"name":"wp","href":"https:\/\/api.w.org\/{rel}","templated":true}]}}