{"id":3843,"date":"2025-01-25T11:17:00","date_gmt":"2025-01-25T08:17:00","guid":{"rendered":"https:\/\/zeleka.com\/?p=3843"},"modified":"2025-01-25T11:17:00","modified_gmt":"2025-01-25T08:17:00","slug":"comlekci-minibus-duraklari-moloza-tasindi","status":"publish","type":"post","link":"https:\/\/zeleka.com\/?p=3843","title":{"rendered":"\u00c7\u00f6mlek\u00e7i minib\u00fcs duraklar\u0131 Moloz\u2019a ta\u015f\u0131nd\u0131"},"content":{"rendered":"<p><img width=\"1024\" height=\"576\" src=\"https:\/\/www.caykaragazetesi.com\/wp-content\/uploads\/2025\/01\/comlekci-minibus-duraklari-moloza-tasindi.jpeg\" class=\"attachment-post-thumbnail size-post-thumbnail wp-post-image\" alt=\"\u00c7\u00f6mlek\u00e7i minib\u00fcs duraklar\u0131 Moloz\u2019a ta\u015f\u0131nd\u0131 26\" decoding=\"async\" loading=\"lazy\" srcset=\"https:\/\/www.caykaragazetesi.com\/wp-content\/uploads\/2025\/01\/comlekci-minibus-duraklari-moloza-tasindi.jpeg 1024w, https:\/\/www.caykaragazetesi.com\/wp-content\/uploads\/2025\/01\/comlekci-minibus-duraklari-moloza-tasindi-768x432.jpeg 768w\" sizes=\"auto, (max-width: 1024px) 100vw, 1024px\" title=\"\u00c7\u00f6mlek\u00e7i minib\u00fcs duraklar\u0131 Moloz\u2019a ta\u015f\u0131nd\u0131 26\"><\/p>\n<p>Trabzon\u2019da il\u00e7elerin dolmu\u015f duraklar\u0131 Moloz\u2019da yeni yap\u0131lan caminin yan\u0131na ta\u015f\u0131nd\u0131.<\/p>\n<p>Trabzon\u2019daki \u00c7\u00f6mlek\u00e7i minib\u00fcs dura\u011f\u0131 Moloz sahilinde yap\u0131lmakta olan Hanife Hatun Camisinin yan\u0131na ta\u015f\u0131nd\u0131.<\/p>\n<p>\u00c7aykara, Arakl\u0131, S\u00fcrmene, Of, Arsin, Yomra gibi il\u00e7elerin dolmu\u015flar\u0131 bug\u00fcnden itibaren \u00c7\u00f6mlek\u00e7i yerine art\u0131k Moloz\u2019dan kalkacak.<\/p>\n<p>\u00c7aykara Tur da sosyal medya hesab\u0131ndan bug\u00fcn itibariyle duraklar\u0131n\u0131n Moloz oldu\u011funu duyurdu.<\/p>\n<p>Trabzon-\u00c7aykara aras\u0131 seyahat edecek hem\u015fehrimizin bu hususu g\u00f6z \u00f6n\u00fcnde bulundurmalar\u0131 ma\u011fduriyet ya\u015famamalar\u0131 i\u00e7in \u00f6nem arz ediyor.<\/p>\n<p>Bu icerik www.caykaragazetesi.com alintidir.<\/p>\n","protected":false},"excerpt":{"rendered":"<p>Trabzon\u2019da il\u00e7elerin dolmu\u015f duraklar\u0131 Moloz\u2019da yeni yap\u0131lan caminin yan\u0131na ta\u015f\u0131nd\u0131. Trabzon\u2019daki \u00c7\u00f6mlek\u00e7i minib\u00fcs dura\u011f\u0131 Moloz sahilinde yap\u0131lmakta olan Hanife Hatun Camisinin yan\u0131na ta\u015f\u0131nd\u0131. \u00c7aykara, Arakl\u0131, S\u00fcrmene, Of, Arsin, Yomra gibi il\u00e7elerin dolmu\u015flar\u0131 bug\u00fcnden itibaren \u00c7\u00f6mlek\u00e7i yerine art\u0131k Moloz\u2019dan kalkacak. \u00c7aykara Tur da sosyal medya hesab\u0131ndan bug\u00fcn itibariyle duraklar\u0131n\u0131n Moloz oldu\u011funu duyurdu. Trabzon-\u00c7aykara aras\u0131 seyahat edecek [&hellip;]<\/p>\n","protected":false},"author":3,"featured_media":3844,"comment_status":"closed","ping_status":"open","sticky":false,"template":"","format":"standard","meta":{"tdm_status":"","tdm_grid_status":"","footnotes":""},"categories":[40],"tags":[],"class_list":{"0":"post-3843","1":"post","2":"type-post","3":"status-publish","4":"format-standard","5":"has-post-thumbnail","7":"category-caykara"},"_links":{"self":[{"href":"https:\/\/zeleka.com\/index.php?rest_route=\/wp\/v2\/posts\/3843","targetHints":{"allow":["GET"]}}],"collection":[{"href":"https:\/\/zeleka.com\/index.php?rest_route=\/wp\/v2\/posts"}],"about":[{"href":"https:\/\/zeleka.com\/index.php?rest_route=\/wp\/v2\/types\/post"}],"author":[{"embeddable":true,"href":"https:\/\/zeleka.com\/index.php?rest_route=\/wp\/v2\/users\/3"}],"replies":[{"embeddable":true,"href":"https:\/\/zeleka.com\/index.php?rest_route=%2Fwp%2Fv2%2Fcomments&post=3843"}],"version-history":[{"count":0,"href":"https:\/\/zeleka.com\/index.php?rest_route=\/wp\/v2\/posts\/3843\/revisions"}],"wp:featuredmedia":[{"embeddable":true,"href":"https:\/\/zeleka.com\/index.php?rest_route=\/wp\/v2\/media\/3844"}],"wp:attachment":[{"href":"https:\/\/zeleka.com\/index.php?rest_route=%2Fwp%2Fv2%2Fmedia&parent=3843"}],"wp:term":[{"taxonomy":"category","embeddable":true,"href":"https:\/\/zeleka.com\/index.php?rest_route=%2Fwp%2Fv2%2Fcategories&post=3843"},{"taxonomy":"post_tag","embeddable":true,"href":"https:\/\/zeleka.com\/index.php?rest_route=%2Fwp%2Fv2%2Ftags&post=3843"}],"curies":[{"name":"wp","href":"https:\/\/api.w.org\/{rel}","templated":true}]}}