{"id":3839,"date":"2025-01-25T22:38:00","date_gmt":"2025-01-25T19:38:00","guid":{"rendered":"https:\/\/zeleka.com\/?p=3839"},"modified":"2025-01-25T22:38:00","modified_gmt":"2025-01-25T19:38:00","slug":"dugune-davet","status":"publish","type":"post","link":"https:\/\/zeleka.com\/?p=3839","title":{"rendered":"D\u00fc\u011f\u00fcne Davet"},"content":{"rendered":"<p><img width=\"1024\" height=\"630\" src=\"https:\/\/www.caykaragazetesi.com\/wp-content\/uploads\/2025\/01\/dugune-davet.jpg\" class=\"attachment-post-thumbnail size-post-thumbnail wp-post-image\" alt=\"D\u00fc\u011f\u00fcne Davet 22\" decoding=\"async\" loading=\"lazy\" srcset=\"https:\/\/www.caykaragazetesi.com\/wp-content\/uploads\/2025\/01\/dugune-davet.jpg 1024w, https:\/\/www.caykaragazetesi.com\/wp-content\/uploads\/2025\/01\/dugune-davet-768x473.jpg 768w\" sizes=\"auto, (max-width: 1024px) 100vw, 1024px\" title=\"D\u00fc\u011f\u00fcne Davet 22\"><\/p>\n<p>\u00c7aykara \u00c7amba\u015f\u0131 Mahallesinden G\u00fclizar (Fatma) &#038; Ahmet Yaman \u00e7iftinin yak\u0131\u015f\u0131kl\u0131 o\u011flu \u0130<strong>n\u015faat M\u00fchendisi \u00c7a\u011fda\u015f Yaman<\/strong> ve Ankara do\u011fumlu Nafize &#038; Yusuf Yi\u011fito\u011flu \u00e7iftinin g\u00fczel k\u0131zlar\u0131 <strong>Uzman Dr. Fatma Nur Yi\u011fito\u011flu<\/strong> ile uzun zamandan beri ni\u015fanl\u0131 olduklar\u0131 zaman zarf\u0131nda evlenmeye karar verdikleri bu anlaml\u0131 ve mutlu g\u00fcnlerinde t\u00fcm g\u00f6n\u00fcl dostlar\u0131n\u0131 d\u00fc\u011f\u00fcn merasimine davet ediyorlar.<\/p>\n<p><strong>Yaman<\/strong> ve <strong>Yi\u011fito\u011fl<\/strong>u Aileleri bir s\u00fcreden beri ni\u015fanl\u0131 kalan, \u00c7ocuklar\u0131n\u0131n tatl\u0131 tela\u015f ve ko\u015fu\u015fturma i\u00e7inde olduklar\u0131 bu m\u00fcstesna ve mutlu g\u00fcn\u00fcm\u00fczde unuttuklar\u0131m\u0131z adresi bilmedi\u011fimiz ya da Telefon numaralar\u0131 olmayan g\u00f6n\u00fcl dostlar\u0131m\u0131z olabilir \u00c7aykara Gazetesi okurlar\u0131 olarak bu haberi okuma f\u0131rsat\u0131 olan dostlar\u0131m\u0131z\u0131 davet ediyoruz. Mutluluk payla\u015ft\u0131k\u00e7a \u00e7o\u011fal\u0131r. Mutlulu\u011fumuzu g\u00f6n\u00fcllerinde hisseden t\u00fcm g\u00f6n\u00fcl dostlar\u0131m\u0131za minnet duygular\u0131m\u0131z\u0131 iletiyoruz.<\/p>\n<p><strong>KINA<\/strong>: 01 \u015eubat 2025 Cumartesi g\u00fcn\u00fc SAAT 13.00 Ankara Kona\u011f\u0131 \u00c7aml\u0131ca Mahallesi 137 Sokak No:2 YEN\u0130 MAHALLE \/ANKARA<\/p>\n<p><strong>D\u00dc\u011e\u00dcN<\/strong>.08 \u015eubat 2025 Cumartesi \u00a0\u00c7ak\u0131rbar D\u00fc\u011f\u00fcn Salonu Ka\u015f\u00fcst\u00fc Mahallesi Devlet Karayolu Caddesi No:19 YOMRA\/TRABZON<\/p>\n<p>\u00c7aykara Gazetesi olarak gen\u00e7 \u00e7iftlerimize \u00f6m\u00fcr boyu mutluluklar diliyoruz.<\/p>\n<p>\u00a0<\/p>\n<p>\u00a0<\/p>\n<p>\u00a0<\/p>\n<p>Bu icerik www.caykaragazetesi.com alintidir.<\/p>\n","protected":false},"excerpt":{"rendered":"<p>\u00c7aykara \u00c7amba\u015f\u0131 Mahallesinden G\u00fclizar (Fatma) &#038; Ahmet Yaman \u00e7iftinin yak\u0131\u015f\u0131kl\u0131 o\u011flu \u0130n\u015faat M\u00fchendisi \u00c7a\u011fda\u015f Yaman ve Ankara do\u011fumlu Nafize &#038; Yusuf Yi\u011fito\u011flu \u00e7iftinin g\u00fczel k\u0131zlar\u0131 Uzman Dr. Fatma Nur Yi\u011fito\u011flu ile uzun zamandan beri ni\u015fanl\u0131 olduklar\u0131 zaman zarf\u0131nda evlenmeye karar verdikleri bu anlaml\u0131 ve mutlu g\u00fcnlerinde t\u00fcm g\u00f6n\u00fcl dostlar\u0131n\u0131 d\u00fc\u011f\u00fcn merasimine davet ediyorlar. Yaman ve [&hellip;]<\/p>\n","protected":false},"author":3,"featured_media":3840,"comment_status":"closed","ping_status":"open","sticky":false,"template":"","format":"standard","meta":{"tdm_status":"","tdm_grid_status":"","footnotes":""},"categories":[40],"tags":[],"class_list":{"0":"post-3839","1":"post","2":"type-post","3":"status-publish","4":"format-standard","5":"has-post-thumbnail","7":"category-caykara"},"_links":{"self":[{"href":"https:\/\/zeleka.com\/index.php?rest_route=\/wp\/v2\/posts\/3839","targetHints":{"allow":["GET"]}}],"collection":[{"href":"https:\/\/zeleka.com\/index.php?rest_route=\/wp\/v2\/posts"}],"about":[{"href":"https:\/\/zeleka.com\/index.php?rest_route=\/wp\/v2\/types\/post"}],"author":[{"embeddable":true,"href":"https:\/\/zeleka.com\/index.php?rest_route=\/wp\/v2\/users\/3"}],"replies":[{"embeddable":true,"href":"https:\/\/zeleka.com\/index.php?rest_route=%2Fwp%2Fv2%2Fcomments&post=3839"}],"version-history":[{"count":0,"href":"https:\/\/zeleka.com\/index.php?rest_route=\/wp\/v2\/posts\/3839\/revisions"}],"wp:featuredmedia":[{"embeddable":true,"href":"https:\/\/zeleka.com\/index.php?rest_route=\/wp\/v2\/media\/3840"}],"wp:attachment":[{"href":"https:\/\/zeleka.com\/index.php?rest_route=%2Fwp%2Fv2%2Fmedia&parent=3839"}],"wp:term":[{"taxonomy":"category","embeddable":true,"href":"https:\/\/zeleka.com\/index.php?rest_route=%2Fwp%2Fv2%2Fcategories&post=3839"},{"taxonomy":"post_tag","embeddable":true,"href":"https:\/\/zeleka.com\/index.php?rest_route=%2Fwp%2Fv2%2Ftags&post=3839"}],"curies":[{"name":"wp","href":"https:\/\/api.w.org\/{rel}","templated":true}]}}