{"id":3835,"date":"2025-01-26T00:19:00","date_gmt":"2025-01-25T21:19:00","guid":{"rendered":"https:\/\/zeleka.com\/?p=3835"},"modified":"2025-01-26T00:19:00","modified_gmt":"2025-01-25T21:19:00","slug":"trabzonsporda-futbol-oynayan-caykaralilar","status":"publish","type":"post","link":"https:\/\/zeleka.com\/?p=3835","title":{"rendered":"Trabzonspor&#8217;da futbol oynayan \u00c7aykaral\u0131lar"},"content":{"rendered":"<p><img width=\"600\" height=\"310\" src=\"https:\/\/www.caykaragazetesi.com\/wp-content\/uploads\/2017\/05\/trabzonspor-da-futbol-oynayan-caykaralilar-3.jpg\" class=\"attachment-post-thumbnail size-post-thumbnail wp-post-image\" alt=\"Trabzonspor'da futbol oynayan \u00c7aykaral\u0131lar 18\" decoding=\"async\" loading=\"lazy\" srcset=\"https:\/\/www.caykaragazetesi.com\/wp-content\/uploads\/2017\/05\/trabzonspor-da-futbol-oynayan-caykaralilar-3.jpg 600w, https:\/\/www.caykaragazetesi.com\/wp-content\/uploads\/2017\/05\/trabzonsporun-caykarali-futbolculari-20x10.jpg 20w\" sizes=\"auto, (max-width: 600px) 100vw, 600px\" title=\"Trabzonspor'da futbol oynayan \u00c7aykaral\u0131lar 18\"><\/p>\n<p>1974 y\u0131l\u0131nda S\u00fcper lige \u00e7\u0131kan ve k\u0131sa s\u00fcrede ligin d\u00f6rt b\u00fcy\u00fck tak\u0131m\u0131ndan biri olan Trabzonspor\u2019da bu g\u00fcne kadar ilk on birde hangi \u00c7aykaral\u0131 futbolcular ter d\u00f6kt\u00fc? Sizler i\u00e7in ara\u015ft\u0131rd\u0131k.<\/p>\n<p><strong><img loading=\"lazy\" decoding=\"async\" class=\" wp-image-28569 alignleft\" src=\"https:\/\/www.caykaragazetesi.com\/wp-content\/uploads\/2017\/05\/trabzonspor-da-futbol-oynayan-caykaralilar.png\" alt=\"Trabzonspor'da futbol oynayan \u00c7aykaral\u0131lar 9\" width=\"94\" height=\"135\" title=\"Trabzonspor'da futbol oynayan \u00c7aykaral\u0131lar 9\">1-\u0130hsan Sakalo\u011flu<\/strong><\/p>\n<p>Trabzonspor\u2019un ilk \u00c7aykaral\u0131 futbolcusu Atak\u00f6yl\u00fc \u0130hsan Sakalo\u011flu\u2019dur. Mustafa Gedik\u2019in de day\u0131s\u0131 olan \u0130hsan Trabzonspor ikinci ligde iken tak\u0131mda gol krall\u0131\u011f\u0131 ya\u015fam\u0131\u015ft\u0131r. Trabzonspor 1. Lige \u00e7\u0131kt\u0131\u011f\u0131nda tak\u0131m\u0131n ilk on birinde yer alan ve Trabzonspor\u2019un 1. Ligdeki ilk kupas\u0131 olan K\u0131br\u0131s Bar\u0131\u015f Kupas\u0131n\u0131 kald\u0131ran futbolculardand\u0131r.<\/p>\n<p><strong><img loading=\"lazy\" decoding=\"async\" class=\"wp-image-28570 alignleft\" src=\"https:\/\/www.caykaragazetesi.com\/wp-content\/uploads\/2017\/05\/trabzonspor-da-futbol-oynayan-caykaralilar-7.jpg\" alt=\"Trabzonspor'da futbol oynayan \u00c7aykaral\u0131lar 10\" width=\"98\" height=\"147\" title=\"Trabzonspor'da futbol oynayan \u00c7aykaral\u0131lar 10\">2-Mustafa Gedik<\/strong><\/p>\n<p>\u0130hsan Sakalo\u011flu\u2019ndan sonra Trabzospor formas\u0131n\u0131 giyen di\u011fer \u00c7aykaral\u0131, \u0130hsan\u2019\u0131n da ye\u011feni olan Atak\u00f6yl\u00fc Mustafa Gedik\u2019tir. Trabzonspor\u2019un \u015fampiyonluklara ambargo koyan efsane kadrosunun as oyuncular\u0131ndan olan Mustafa Gedik bir kere de milli oldu. 1984 y\u0131l\u0131nda amans\u0131z hastal\u0131\u011fa yakalanarak vefat etti. Mustafa Gedik bir di\u011fer \u00c7aykaral\u0131 Metin Y\u00fcce ile ayn\u0131 anda Trabzonspor formas\u0131n\u0131 giyen \u00c7aykaral\u0131lar olarak tarihe ge\u00e7tiler.<\/p>\n<p><strong><img loading=\"lazy\" decoding=\"async\" class=\" wp-image-28571 alignleft\" src=\"https:\/\/www.caykaragazetesi.com\/wp-content\/uploads\/2017\/05\/trabzonspor-da-futbol-oynayan-caykaralilar-6.jpg\" alt=\"Trabzonspor'da futbol oynayan \u00c7aykaral\u0131lar 11\" width=\"100\" height=\"150\" title=\"Trabzonspor'da futbol oynayan \u00c7aykaral\u0131lar 11\">3-Metin Y\u00fcce<\/strong><\/p>\n<p>\u00c7aykara Demirkap\u0131 k\u00f6y\u00fcnden olan ve 1981-82 sezonu kadrosunda orta alan\u0131nda yer alan Metin Y\u00fcce zaman\u0131n en g\u00fc\u00e7l\u00fc futbol tak\u0131mlar\u0131ndan olan Dinoma Kiev\u2019le Trabzonspor\u2019un Sampiyon Kul\u00fcpler Kupas\u0131 ma\u00e7\u0131nda tak\u0131mdaki yerini alm\u0131\u015f, iki kar\u015f\u0131la\u015fmada da g\u00f6sterdi\u011fi \u00fcst\u00fcn performansla y\u0131ld\u0131z\u0131 parlam\u0131\u015f Trabzon\u2019daki ma\u00e7ta att\u0131\u011f\u0131 gol ve oynad\u0131\u011f\u0131 futbol ile d\u00fcnya medyas\u0131n\u0131n ilgisini \u00e7ekmi\u015fti.\u00a0Daha sonra parkinson hastal\u0131\u011f\u0131na yakalanan Metin Y\u00fcce 2006 y\u0131l\u0131nda \u0130stanbul\u2019da 45 ya\u015f\u0131nda iken vefat etti.<\/p>\n<p><strong><img loading=\"lazy\" decoding=\"async\" class=\"alignleft wp-image-29788\" src=\"https:\/\/www.caykaragazetesi.com\/wp-content\/uploads\/2017\/05\/trabzonspor-da-futbol-oynayan-caykaralilar.jpg\" alt=\"Trabzonspor'da futbol oynayan \u00c7aykaral\u0131lar 12\" width=\"100\" height=\"134\" title=\"Trabzonspor'da futbol oynayan \u00c7aykaral\u0131lar 12\">4-Vedat Turan<\/strong><\/p>\n<p>\u00c7aykara Demirkap\u0131 K\u00f6y\u00fcnde do\u011fdu. Trabzonspor alt yap\u0131s\u0131nda yeti\u015fti. A tak\u0131ma y\u00fckseldi. Erken ya\u015fta sakatlanarak futbolu b\u0131rakt\u0131.<\/p>\n<p><img loading=\"lazy\" decoding=\"async\" class=\"alignleft wp-image-72084\" src=\"https:\/\/www.caykaragazetesi.com\/wp-content\/uploads\/2025\/01\/trabzonspor-da-futbol-oynayan-caykaralilar.jpeg\" alt=\"Trabzonspor'da futbol oynayan \u00c7aykaral\u0131lar 13\" width=\"107\" height=\"134\" title=\"Trabzonspor'da futbol oynayan \u00c7aykaral\u0131lar 13\"><strong>5-\u015eevki Ek\u015fi<\/strong><\/p>\n<p>O d\u00f6nem \u00c7aykara\u2019ya ba\u011fl\u0131 olan Dernekpazar\u0131 Kondu mahallesinden olan kaleci \u015eevki Ek\u015fi de 1990\u2019l\u0131 y\u0131llarda bir d\u00f6nem Trabzonsp\u0131r\u2019a kaleci olarak hizmet verdi.<\/p>\n<p>\u00a0<\/p>\n<p><strong><img loading=\"lazy\" decoding=\"async\" class=\" wp-image-28572 alignleft\" src=\"https:\/\/www.caykaragazetesi.com\/wp-content\/uploads\/2017\/05\/trabzonspor-da-futbol-oynayan-caykaralilar-5.jpg\" alt=\"Trabzonspor'da futbol oynayan \u00c7aykaral\u0131lar 14\" width=\"110\" height=\"165\" title=\"Trabzonspor'da futbol oynayan \u00c7aykaral\u0131lar 14\">6-Murat B\u00f6l\u00fckba\u015f\u0131<\/strong><\/p>\n<p>\u00c7aykara Ulucami k\u00f6yl\u00fc olan Murat B\u00f6l\u00fckba\u015f\u0131 Hatay K\u0131r\u0131khan\u2019da d\u00fcnyaya geldi. Futbola Fenerbah\u00e7e altyap\u0131s\u0131nda ba\u015flad\u0131. 1999 y\u0131l\u0131nda L\u00f6w taraf\u0131ndan Fenerbah\u00e7e A Tak\u0131m\u0131na al\u0131nd\u0131. Olayl\u0131 bir transferle Trabzonspor\u2019a ge\u00e7ti. 2002-2003 sezonunda Trabzonspor\u2019dan ayr\u0131ld\u0131. \u00c7e\u015fitli tak\u0131mlarda oynad\u0131ktan sonra futbolu 2011 y\u0131l\u0131nda Ak\u00e7aabat Sebatspor\u2019da b\u0131rakt\u0131.<\/p>\n<p><strong><img loading=\"lazy\" decoding=\"async\" class=\" wp-image-28573 alignleft\" src=\"https:\/\/www.caykaragazetesi.com\/wp-content\/uploads\/2017\/05\/trabzonspor-da-futbol-oynayan-caykaralilar-4.jpg\" alt=\"Trabzonspor'da futbol oynayan \u00c7aykaral\u0131lar 15\" width=\"107\" height=\"161\" title=\"Trabzonspor'da futbol oynayan \u00c7aykaral\u0131lar 15\">7-Yusuf Yaz\u0131c\u0131<\/strong><\/p>\n<p>\u00c7aykara Ta\u015fl\u0131gedik Mahallesinden olan Yusuf Yaz\u0131c\u0131 k\u0131sa bir futbol ge\u00e7mi\u015fine ra\u011fmen Trabzonspor\u2019a en fazla skor katk\u0131s\u0131 olan \u00c7aykaral\u0131 oldu. Yusuf Yaz\u0131c\u0131 Erdo\u011fdu Lisesi futbol tak\u0131m\u0131yla yakalad\u0131\u011f\u0131 D\u00fcnya \u015eampiyonlu\u011fu sonras\u0131 Trabzonspor A Tak\u0131m\u0131nda oynamaya ba\u015flad\u0131. Bu y\u0131l ikinci yar\u0131dan itibaren\u00a0g\u00f6sterdi\u011fi \u00fcst\u00fcn performans ile Trabzonspor\u2019un as kadro futbolcusu oldu.<\/p>\n<div class=\"wp-caption alignnone\"><img loading=\"lazy\" decoding=\"async\" aria-describedby=\"caption-attachment-28554\" class=\"wp-image-28554 size-full\" src=\"https:\/\/www.caykaragazetesi.com\/wp-content\/uploads\/2017\/05\/trabzonspor-da-futbol-oynayan-caykaralilar-2.png\" alt=\"Trabzonspor'da futbol oynayan \u00c7aykaral\u0131lar 16\" width=\"1024\" height=\"700\" title=\"Trabzonspor'da futbol oynayan \u00c7aykaral\u0131lar 16\"><\/p>\n<p class=\"wp-caption-text\">Trabzonspor 1974, \u00c7aykaral\u0131 \u0130hsan Sakalo\u011flu oturanlar\u0131n en sa\u011f\u0131nda \u00f6n\u00fcnde top olan<\/p>\n<\/div>\n<div class=\"wp-caption alignnone\"><img loading=\"lazy\" decoding=\"async\" aria-describedby=\"caption-attachment-28580\" class=\"wp-image-28580 size-full\" src=\"https:\/\/www.caykaragazetesi.com\/wp-content\/uploads\/2017\/05\/trabzonspor-da-futbol-oynayan-caykaralilar-2.jpg\" alt=\"Trabzonspor'da futbol oynayan \u00c7aykaral\u0131lar 17\" width=\"600\" height=\"383\" title=\"Trabzonspor'da futbol oynayan \u00c7aykaral\u0131lar 17\"><\/p>\n<p class=\"wp-caption-text\">Bu kadroda oturanlar\u0131n sa\u011f\u0131nda en ba\u015fta Mustafa Gedik ve ortada i\u015faretli olan Metin Y\u00fcce iki \u00c7aykaral\u0131 olarak ayn\u0131 anda Trabzonspor\u2019da oynad\u0131klar\u0131 y\u0131llar<\/p>\n<\/div>\n<p>Bu icerik www.caykaragazetesi.com alintidir.<\/p>\n","protected":false},"excerpt":{"rendered":"<p>1974 y\u0131l\u0131nda S\u00fcper lige \u00e7\u0131kan ve k\u0131sa s\u00fcrede ligin d\u00f6rt b\u00fcy\u00fck tak\u0131m\u0131ndan biri olan Trabzonspor\u2019da bu g\u00fcne kadar ilk on birde hangi \u00c7aykaral\u0131 futbolcular ter d\u00f6kt\u00fc? Sizler i\u00e7in ara\u015ft\u0131rd\u0131k. 1-\u0130hsan Sakalo\u011flu Trabzonspor\u2019un ilk \u00c7aykaral\u0131 futbolcusu Atak\u00f6yl\u00fc \u0130hsan Sakalo\u011flu\u2019dur. Mustafa Gedik\u2019in de day\u0131s\u0131 olan \u0130hsan Trabzonspor ikinci ligde iken tak\u0131mda gol krall\u0131\u011f\u0131 ya\u015fam\u0131\u015ft\u0131r. Trabzonspor 1. Lige [&hellip;]<\/p>\n","protected":false},"author":2,"featured_media":3836,"comment_status":"closed","ping_status":"open","sticky":false,"template":"","format":"standard","meta":{"tdm_status":"","tdm_grid_status":"","footnotes":""},"categories":[40],"tags":[],"class_list":{"0":"post-3835","1":"post","2":"type-post","3":"status-publish","4":"format-standard","5":"has-post-thumbnail","7":"category-caykara"},"_links":{"self":[{"href":"https:\/\/zeleka.com\/index.php?rest_route=\/wp\/v2\/posts\/3835","targetHints":{"allow":["GET"]}}],"collection":[{"href":"https:\/\/zeleka.com\/index.php?rest_route=\/wp\/v2\/posts"}],"about":[{"href":"https:\/\/zeleka.com\/index.php?rest_route=\/wp\/v2\/types\/post"}],"author":[{"embeddable":true,"href":"https:\/\/zeleka.com\/index.php?rest_route=\/wp\/v2\/users\/2"}],"replies":[{"embeddable":true,"href":"https:\/\/zeleka.com\/index.php?rest_route=%2Fwp%2Fv2%2Fcomments&post=3835"}],"version-history":[{"count":0,"href":"https:\/\/zeleka.com\/index.php?rest_route=\/wp\/v2\/posts\/3835\/revisions"}],"wp:featuredmedia":[{"embeddable":true,"href":"https:\/\/zeleka.com\/index.php?rest_route=\/wp\/v2\/media\/3836"}],"wp:attachment":[{"href":"https:\/\/zeleka.com\/index.php?rest_route=%2Fwp%2Fv2%2Fmedia&parent=3835"}],"wp:term":[{"taxonomy":"category","embeddable":true,"href":"https:\/\/zeleka.com\/index.php?rest_route=%2Fwp%2Fv2%2Fcategories&post=3835"},{"taxonomy":"post_tag","embeddable":true,"href":"https:\/\/zeleka.com\/index.php?rest_route=%2Fwp%2Fv2%2Ftags&post=3835"}],"curies":[{"name":"wp","href":"https:\/\/api.w.org\/{rel}","templated":true}]}}