{"id":377,"date":"2025-01-04T22:49:33","date_gmt":"2025-01-04T19:49:33","guid":{"rendered":"https:\/\/zeleka.com\/?p=377"},"modified":"2025-01-05T00:54:24","modified_gmt":"2025-01-04T21:54:24","slug":"ahmet-mutluoglu","status":"publish","type":"post","link":"https:\/\/zeleka.com\/?p=377","title":{"rendered":"Ahmet MUTLUO\u011eLU \/ \u00d6Z\u00a0 GE\u00c7M\u0130\u015e"},"content":{"rendered":"\n<p>\u00d6Z&nbsp; GE\u00c7M\u0130\u015e<\/p>\n\n\n\n<p>&nbsp;&nbsp;&nbsp;&nbsp;&nbsp;&nbsp;&nbsp;&nbsp;&nbsp;&nbsp;&nbsp; 1952 y\u0131l\u0131n\u0131n bir sonbahar g\u00fcn\u00fcnde,m\u0131s\u0131rlar bi\u00e7ilirken, Trabzon\u2019un \u00c7aykara il\u00e7esi,Ta\u015f\u00f6ren K\u00f6y\u00fc\u2019nde do\u011fmu\u015fum.1959-1964 Ta\u015f\u00f6ren K\u00f6y\u00fc \u0130lkokulu, 1964-1967 \u00c7aykara Ortaokulu \u00f6\u011freniminden sonra 1967-1970 Trabzon \u00d6\u011fretmen Okulunu e\u011fitimimi tamamlayarak 31.07.1970 tarihinde \u00c7aykara Akdo\u011fan K\u00f6y\u00fc \u0130lkokulunda \u00f6\u011fretmenlik g\u00f6revine ba\u015flad\u0131m. Ayn\u0131 il\u00e7ede Ye\u015filalan K\u00f6y\u00fc ve Ta\u015f\u00f6ren K\u00f6y\u00fc \u0130lkokulu \u00d6\u011fretmenli\u011fi g\u00f6revlerinden sonra 8,5 y\u0131l \u00c7aykara Kayran K\u00f6y\u00fc \u0130lkokulu M\u00fcd\u00fcrl\u00fc\u011f\u00fc g\u00f6revini ifa ettim.Bu esnada 11 Aral\u0131k 1971 tarihinde K\u00f6yl\u00fcm Hanife Tuncer (Mutluo\u011flu) ile evlendim,24.10.1972 tarihinde K\u0131z\u0131m\u0131z L\u00fctfiye Mutluo\u011flu (Karaaslan),17.10.1973 tarihinde O\u011flumuz Mustafa B\u00fclent Mutluo\u011flu ve 26.10.1978 tarihinde de son \u00e7ocu\u011fumuz Mesut Mutluo\u011flu d\u00fcnyaya geldiler.<\/p>\n\n\n\n<p>&nbsp;&nbsp;&nbsp;&nbsp;&nbsp;&nbsp;&nbsp;&nbsp;&nbsp;&nbsp; \u00c7aykara\u2019daki bu 13 y\u0131ll\u0131k g\u00f6revim esnas\u0131nda; \u00f6\u011fretmen arkada\u015flar\u0131m ve k\u00f6yl\u00fclerle Ta\u015f\u00f6ren ve Kayran K\u00f6y\u00fc \u0130lkokullar\u0131n\u0131 yol olmad\u0131\u011f\u0131 i\u00e7in gerekli malzemeyi s\u0131rt\u0131m\u0131zda ve omzumuzda ta\u015f\u0131yarak in\u015fa ettik ve donatt\u0131k.<\/p>\n\n\n\n<p>&nbsp;&nbsp;&nbsp;&nbsp;&nbsp;&nbsp;&nbsp;&nbsp;&nbsp;&nbsp; 1983-1984 \u00d6\u011fretim y\u0131l\u0131 ba\u015f\u0131nda Yurt d\u0131\u015f\u0131ndaki i\u015f\u00e7i \u00e7ocuklar\u0131n\u0131n e\u011fitiminde g\u00f6revlendirilmek \u00fczere a\u00e7\u0131lan s\u0131nav\u0131 kazanarak,1988-1989 \u00d6\u011fretim y\u0131l\u0131 sonuna kadar&nbsp; devam eden Bel\u00e7ika-Liege(Liyej) B\u00f6lgesi T\u00fcrk\u00e7e ve T\u00fcrk K\u00fclt\u00fcr Dersleri \u00d6\u011fretmenli\u011fine atand\u0131m.<\/p>\n\n\n\n<p>&nbsp;&nbsp;&nbsp;&nbsp;&nbsp;&nbsp;&nbsp;&nbsp; &nbsp;&nbsp;6 y\u0131l&nbsp; s\u00fcren bu g\u00f6revim esnas\u0131nda, bo\u015f zamanlar\u0131m\u0131 de\u011ferlendirmek suretiyle 3 y\u0131ll\u0131k Liege \u00d6zel E\u011fitim Y\u00fcksek Okulunun 2. \u00f6\u011fretimine devam ederek hem \u00d6zel E\u011fitim Uzmanl\u0131\u011f\u0131 Formasyonu ve diplomas\u0131n\u0131 ald\u0131m hem de Frans\u0131zcam\u0131 ileri d\u00fczeyde geli\u015ftirdim. Bu s\u00fcrede gerek \u00f6\u011fretmenli\u011fim ve gerekse \u00f6\u011frencili\u011fimin gere\u011fi olarak Bel\u00e7ika E\u011fitim Sistemini ara\u015ft\u0131rd\u0131m,tan\u0131d\u0131m ve bu konuda haz\u0131rlad\u0131\u011f\u0131m raporlar\u0131 ilgili makamlara ula\u015ft\u0131rd\u0131m.<\/p>\n\n\n\n<p>&nbsp;&nbsp;&nbsp;&nbsp;&nbsp;&nbsp;&nbsp;&nbsp; &nbsp;&nbsp;Bel\u00e7ika g\u00f6revi d\u00f6n\u00fc\u015f\u00fcnde Trabzon \u00d6\u011fretmen Evi M\u00fcd\u00fcr Yard\u0131mc\u0131l\u0131\u011f\u0131 g\u00f6revine atand\u0131m. 1989-1992 y\u0131llar\u0131 ar\u0131s\u0131ndaki bu \u00fc\u00e7 y\u0131ll\u0131k g\u00f6revim esnas\u0131nda a\u00e7\u0131lan Kamu Personeli Yabanc\u0131 Dil S\u0131nav\u0131nda Frans\u0131zcadan 88 puan ald\u0131m. Yine bu esnada a\u00e7\u0131lan Yurt d\u0131\u015f\u0131 y\u00f6neticilik s\u0131nav\u0131n\u0131 birincilikle kazanarak 20.06.1992 tarihinde T.C. Paris B\u00fcy\u00fckel\u00e7ili\u011fi nezdinde E\u011fitim Ata\u015fesi olarak g\u00f6revlendirildim.<\/p>\n\n\n\n<p>&nbsp;&nbsp;&nbsp;&nbsp;&nbsp;&nbsp;&nbsp;&nbsp; &nbsp;&nbsp;3 y\u0131l s\u00fcren Paris B\u00fcy\u00fckel\u00e7ili\u011fi E\u011fitim Ata\u015feli\u011fi g\u00f6revim esnas\u0131nda;\u00f6zellikle \u201cOECD\u201d ve \u201cUNESCO\u201d nezdinde bir\u00e7ok uluslararas\u0131 toplant\u0131da \u00fclkemi temsil ettim.\u00dclkemizin ve Milletimizin sahip oldu\u011fu &nbsp;de\u011ferlerinin ve kazan\u0131mlar\u0131n\u0131n tan\u0131t\u0131m\u0131na katk\u0131da bulundum.T.C. Milli E\u011fitim Bakanl\u0131\u011f\u0131n\u0131 temsilen kat\u0131ld\u0131\u011f\u0131m ve Frans\u0131z E\u011fitim Sisteminin ele al\u0131nd\u0131\u011f\u0131 bir \u201cOECD\u201d toplant\u0131s\u0131nda, d\u00f6nemin Frans\u0131z Milli E\u011fitim Bakan\u0131 Fran\u00e7ois BAYRU ile \u00f6\u011fretmen yeti\u015ftirme sistemlerindeki aksakl\u0131klar\u0131 , heyetin huzurunda tart\u0131\u015ft\u0131m.Bizdeki uygulamalar\u0131 anlatarak \u00f6rnek al\u0131nabilece\u011fini ifade ettim. Do\u011fal olarak da kat\u0131ld\u0131\u011f\u0131m t\u00fcm toplant\u0131 raporlar\u0131n\u0131 ilgili makamlara arz ettim.<\/p>\n\n\n\n<p>&nbsp;&nbsp;&nbsp;&nbsp;&nbsp;&nbsp;&nbsp;&nbsp;&nbsp;&nbsp; Paris E\u011fitim Ata\u015feli\u011fi g\u00f6revim esnas\u0131nda T\u00fcrk\u00e7e\u2019nin Fransa\u2019da ikinci yabanc\u0131 dil olarak okutulmas\u0131 sa\u011flanm\u0131\u015f; bu konuda Avrupa\u2019da bir \u00e7\u0131\u011f\u0131r a\u00e7\u0131lm\u0131\u015ft\u0131r.Tabii olarak t\u00fcm bu \u00e7al\u0131\u015fmalar\u0131n yap\u0131labilmesi i\u00e7in \u00f6ncelikle Frans\u0131z E\u011fitim Sistemini ara\u015ft\u0131rd\u0131m. Bu konuda,\u201d1993 \u015eartlar\u0131nda Frans\u0131z E\u011fitim Sistemi\u201d ad\u0131yla bir eser meydana getirdim. Yeteri kadar \u00f6rneklerini \u00e7o\u011faltarak ilgili makamlara g\u00f6nderdim.<\/p>\n\n\n\n<p>&nbsp;&nbsp;&nbsp;&nbsp;&nbsp;&nbsp;&nbsp;&nbsp;&nbsp; Paris E\u011fitim Ata\u015feli\u011fi g\u00f6revi sonunda tekrar yurda d\u00f6nerek Trabzon Rehberlik ve Ara\u015ft\u0131rma Merkezi M\u00fcd\u00fcr Yard\u0131mc\u0131l\u0131\u011f\u0131na atand\u0131m. 3 y\u0131l devam eden bu g\u00f6revim esnas\u0131nda (1995-1998), Trabzon\u2019da engelli \u00e7ocuklara y\u00f6nelik \u00f6zel e\u011fitim s\u0131n\u0131flar\u0131n\u0131n yayg\u0131nla\u015ft\u0131r\u0131lmas\u0131 \u00e7al\u0131\u015fmalar\u0131na katk\u0131da bulundum. Rehberlik ve Ara\u015ft\u0131rma Merkezindeki arkada\u015flar\u0131mla \u201c\u0130lk\u00f6\u011fretim Okullar\u0131nda Rehberlik\u201dad\u0131yla haz\u0131rlay\u0131p yay\u0131nlad\u0131\u011f\u0131m\u0131z eser e\u011fitim camias\u0131n\u0131n hizmetine sunuldu ve &nbsp;bu alanda \u00f6nemli bir ba\u015f vuru kitab\u0131 haline geldi&nbsp;&nbsp;&nbsp; Yine bu d\u00f6nemde, KT\u00dc E\u011fitim Fak\u00fcltesine devam ederek, \u201cE\u011fitim Fak\u00fcltesi Lisan diplomas\u0131\u201dn\u0131 ald\u0131m.<\/p>\n\n\n\n<p>&nbsp;&nbsp;&nbsp;&nbsp;&nbsp;&nbsp;&nbsp;&nbsp;&nbsp;&nbsp; 1998 y\u0131l\u0131nda a\u00e7\u0131lan yurt d\u0131\u015f\u0131 y\u00f6neticilik g\u00f6revi s\u0131nav\u0131n\u0131 tekrar kazanarak; bu defa T.C. Bern B\u00fcy\u00fckel\u00e7ili\u011fi E\u011fitim M\u00fc\u015favirli\u011fi g\u00f6revine atand\u0131m (14.12.1998).&nbsp; 4 y\u0131ll\u0131k bu g\u00f6revim esnas\u0131nda da \u00e7e\u015fitli ikili ve uluslararas\u0131 toplant\u0131ya kat\u0131larak;\u00fclkemi temsil ettim,tan\u0131tt\u0131m, haklar\u0131n\u0131 savundum,\u00fclkeme ve milletime l\u00e2y\u0131k olmak i\u00e7in &nbsp;gayret ettim. Keza, \u0130svi\u00e7re e\u011fitim sistemini inceleyerek bu konuda da \u201c\u0130svi\u00e7re E\u011fitim Sistemi\u201d adl\u0131 \u00e7al\u0131\u015fmam\u0131 da yeterli say\u0131da \u00e7o\u011faltarak&nbsp; ilgili makamlara arz ettim.<\/p>\n\n\n\n<p>&nbsp;&nbsp;&nbsp;&nbsp;&nbsp;&nbsp;&nbsp;&nbsp;&nbsp;&nbsp; Ba\u015far\u0131l\u0131 bulunup,bir y\u0131l uzat\u0131lmas\u0131 ile d\u00f6rt y\u0131l s\u00fcren E\u011fitim M\u00fc\u015favirli\u011fi g\u00f6revimin 16.10.2002 tarihinde sona ermesiyle yine Trabzon&#8217;a d\u00f6nd\u00fcm ve yeni a\u00e7\u0131lan &#8220;Otistik \u00c7ocuklar E\u011fitim Merkezi&#8221; M\u00fcd\u00fcrl\u00fc\u011f\u00fc&#8217;ne atand\u0131m.35 y\u0131ll\u0131k meslek hayat\u0131m\u0131n en zevkli&nbsp; \u00fc\u00e7 y\u0131l\u0131n\u0131 da burada tamamlad\u0131ktan sonra, ilk ve \u015fimdilik biricik Torunum Ya\u011fmur &#8216;un do\u011fumu s\u00f6z konusu olunca onunla ilgilenmek \u00fczere ani bir kararla 15.11.2005 tarihinde emekliye ayr\u0131ld\u0131m.<\/p>\n\n\n\n<p>&nbsp;&nbsp;&nbsp;&nbsp;&nbsp;&nbsp;&nbsp;&nbsp;&nbsp;&nbsp; &nbsp;Halen \u0130stanbul&#8217;da E\u015fim Hanife Mutluo\u011flu ile beraber anne-babas\u0131 Devlet Memuriyetinde bulunan, 14 ayl\u0131k Torunumuz Ya\u011fmur&#8217;a refakat etmenin sonsuz ve tarifi imkans\u0131z mutlulu\u011funu ya\u015f\u0131yoruz.<\/p>\n\n\n\n<p>&nbsp;&nbsp;&nbsp;&nbsp;&nbsp;&nbsp;&nbsp;&nbsp;&nbsp;&nbsp; &nbsp;\u00dc\u00e7\u00fcnc\u00fc y\u0131l\u0131na girdi\u011fim emeklilik hayat\u0131m\u0131n di\u011fer aktivitelerini:G\u00fcnde bir gazete,ayda bir kitap okumak,\u00f6zellikle K\u00f6y\u00fcm\u00fcz , Yerel K\u00fclt\u00fcr ve Tarihimizle alakal\u0131 konularda ara\u015ft\u0131rmalar yapmak ve bir\u015feyler yazmak ,D\u00fczenli olarak \u00dcsk\u00fcdar &#8220;\u0130SMEK&#8221; Osmanl\u0131ca Kursuna devam etmek ve zaman bulduk\u00e7a Sevgili Hem\u015fehrilerimi ziyaret etmek \u015feklinde s\u0131ralamam m\u00fcmk\u00fcnd\u00fcr. Duyguland\u0131\u011f\u0131m zaman \u015fiir yazmak da hobilerim aras\u0131ndad\u0131r..&nbsp;&nbsp;&nbsp;&nbsp;&nbsp;&nbsp;&nbsp;&nbsp;&nbsp;&nbsp;&nbsp;&nbsp;&nbsp;&nbsp;&nbsp;&nbsp;&nbsp;&nbsp;&nbsp;<\/p>\n\n\n\n<p>&nbsp;&nbsp;&nbsp;&nbsp;&nbsp;&nbsp;&nbsp;&nbsp;&nbsp; Okuma zahmetine katland\u0131\u011f\u0131n\u0131z i\u00e7in te\u015fekk\u00fcr eder sayg\u0131lar\u0131m\u0131 sunar\u0131m.<\/p>\n\n\n\n<p>\u00a0\u00a0\u00a0\u00a0\u00a0\u00a0\u00a0\u00a0\u00a0\u00a0\u00a0\u00a0\u00a0\u00a0\u00a0\u00a0\u00a0\u00a0\u00a0\u00a0\u00a0\u00a0\u00a0\u00a0\u00a0\u00a0\u00a0\u00a0\u00a0\u00a0\u00a0\u00a0\u00a0\u00a0\u00a0\u00a0\u00a0\u00a0\u00a0\u00a0\u00a0\u00a0\u00a0\u00a0\u00a0\u00a0\u00a0\u00a0\u00a0\u00a0\u00a0\u00a0\u00a0\u00a0\u00a0\u00a0\u00a0\u00a0\u00a0\u00a0\u00a0\u00a0\u00a0\u00a0\u00a0\u00a0\u00a0\u00a0\u00a0\u00a0\u00a0\u00a0\u00a0\u00a0\u00a0\u00a0\u00a0\u00a0 \u00a0\u00a0\u00a0\u00a0\u00a0\u00a0\u00a0\u00a0\u00a0\u00a0\u00a0\u00a0\u00a0\u00a0\u00a0\u00a0\u00a0\u00a0\u00a0<\/p>\n\n\n\n<figure class=\"wp-block-image size-full is-resized\"><img loading=\"lazy\" decoding=\"async\" width=\"70\" height=\"100\" src=\"https:\/\/zeleka.com\/wp-content\/uploads\/2025\/01\/Vesikalik-2.jpg\" alt=\"\" class=\"wp-image-380\" style=\"width:138px;height:auto\"\/><\/figure>\n\n\n\n<p>\u00dcsk\u00fcdar, 30.01.2008<\/p>\n\n\n\n<p> Ahmet MUTLUO\u011eLU<\/p>\n\n\n\n<p><\/p>\n","protected":false},"excerpt":{"rendered":"<p>\u00d6Z\u00a0 GE\u00c7M\u0130\u015e<\/p>\n","protected":false},"author":1,"featured_media":388,"comment_status":"closed","ping_status":"open","sticky":false,"template":"","format":"standard","meta":{"tdm_status":"","tdm_grid_status":"","footnotes":""},"categories":[30,29],"tags":[],"class_list":{"0":"post-377","1":"post","2":"type-post","3":"status-publish","4":"format-standard","5":"has-post-thumbnail","7":"category-ahmet-mutluoglu","8":"category-yazarlar"},"_links":{"self":[{"href":"https:\/\/zeleka.com\/index.php?rest_route=\/wp\/v2\/posts\/377","targetHints":{"allow":["GET"]}}],"collection":[{"href":"https:\/\/zeleka.com\/index.php?rest_route=\/wp\/v2\/posts"}],"about":[{"href":"https:\/\/zeleka.com\/index.php?rest_route=\/wp\/v2\/types\/post"}],"author":[{"embeddable":true,"href":"https:\/\/zeleka.com\/index.php?rest_route=\/wp\/v2\/users\/1"}],"replies":[{"embeddable":true,"href":"https:\/\/zeleka.com\/index.php?rest_route=%2Fwp%2Fv2%2Fcomments&post=377"}],"version-history":[{"count":4,"href":"https:\/\/zeleka.com\/index.php?rest_route=\/wp\/v2\/posts\/377\/revisions"}],"predecessor-version":[{"id":424,"href":"https:\/\/zeleka.com\/index.php?rest_route=\/wp\/v2\/posts\/377\/revisions\/424"}],"wp:featuredmedia":[{"embeddable":true,"href":"https:\/\/zeleka.com\/index.php?rest_route=\/wp\/v2\/media\/388"}],"wp:attachment":[{"href":"https:\/\/zeleka.com\/index.php?rest_route=%2Fwp%2Fv2%2Fmedia&parent=377"}],"wp:term":[{"taxonomy":"category","embeddable":true,"href":"https:\/\/zeleka.com\/index.php?rest_route=%2Fwp%2Fv2%2Fcategories&post=377"},{"taxonomy":"post_tag","embeddable":true,"href":"https:\/\/zeleka.com\/index.php?rest_route=%2Fwp%2Fv2%2Ftags&post=377"}],"curies":[{"name":"wp","href":"https:\/\/api.w.org\/{rel}","templated":true}]}}