{"id":2223,"date":"2025-01-21T20:31:00","date_gmt":"2025-01-21T17:31:00","guid":{"rendered":"https:\/\/zeleka.com\/?p=2223"},"modified":"2025-01-21T20:31:00","modified_gmt":"2025-01-21T17:31:00","slug":"mustafa-altuncu-vefat-etti","status":"publish","type":"post","link":"https:\/\/zeleka.com\/?p=2223","title":{"rendered":"Mustafa Altuncu vefat etti"},"content":{"rendered":"<p><img width=\"707\" height=\"398\" src=\"https:\/\/www.caykaragazetesi.com\/wp-content\/uploads\/2025\/01\/mustafa-altuncu-vefat-etti-2.jpeg\" class=\"attachment-post-thumbnail size-post-thumbnail wp-post-image\" alt=\"Mustafa Altuncu vefat etti 24\" decoding=\"async\" loading=\"lazy\" title=\"Mustafa Altuncu vefat etti 24\"><\/p>\n<p>\u00c7aykara\u2019n\u0131n eski esnaf\u0131n Altuncu Ailesinden merhum Hamza o\u011flu Mustafa Altuncu \u0130stanbul\u2019da vefat etti.<\/p>\n<p>66 ya\u015f\u0131nda vefat eden Mustafa Altuncu bir s\u00fcredir kanser tedavisi g\u00f6r\u00fcyordu. vefat eden Cenazesi \u00c7aykara\u2019ya getirilerek 23 Ocak 2025 Per\u015fembe g\u00fcn\u00fc \u00f6\u011fle namaz\u0131 sonras\u0131 \u00c7aykara\u2019da k\u0131l\u0131nd\u0131ktan sonra \u015eahinkaya Mahallesi Maltepe mevkisindeki Altuncu Ailesi mezarl\u0131\u011f\u0131nda topra\u011fa verilecek. Allah rahmet eylesin.<\/p>\n<p>Karde\u015fi<br \/>\nZekai(Sezai):05545103300<\/p>\n<p><a href=\"https:\/\/www.caykaragazetesi.com\/vefat-haberleri\/mustafa-altuncu-vefat-etti-71986\/attachment\/mustafa-altuncu-vefat-etti-2\/\"><img loading=\"lazy\" decoding=\"async\" width=\"848\" height=\"1024\" src=\"https:\/\/www.caykaragazetesi.com\/wp-content\/uploads\/2025\/01\/mustafa-altuncu-vefat-etti.jpeg\" class=\"attachment-full size-full\" alt=\"Mustafa Altuncu vefat etti 23\" srcset=\"https:\/\/www.caykaragazetesi.com\/wp-content\/uploads\/2025\/01\/mustafa-altuncu-vefat-etti.jpeg 848w, https:\/\/www.caykaragazetesi.com\/wp-content\/uploads\/2025\/01\/mustafa-altuncu-vefat-etti-768x927.jpeg 768w\" sizes=\"auto, (max-width: 848px) 100vw, 848px\" title=\"Mustafa Altuncu vefat etti 23\"><\/a><\/p>\n<p>\u00a0<\/p>\n<p>Bu icerik www.caykaragazetesi.com alintidir.<\/p>\n","protected":false},"excerpt":{"rendered":"<p>\u00c7aykara\u2019n\u0131n eski esnaf\u0131n Altuncu Ailesinden merhum Hamza o\u011flu Mustafa Altuncu \u0130stanbul\u2019da vefat etti. 66 ya\u015f\u0131nda vefat eden Mustafa Altuncu bir s\u00fcredir kanser tedavisi g\u00f6r\u00fcyordu. vefat eden Cenazesi \u00c7aykara\u2019ya getirilerek 23 Ocak 2025 Per\u015fembe g\u00fcn\u00fc \u00f6\u011fle namaz\u0131 sonras\u0131 \u00c7aykara\u2019da k\u0131l\u0131nd\u0131ktan sonra \u015eahinkaya Mahallesi Maltepe mevkisindeki Altuncu Ailesi mezarl\u0131\u011f\u0131nda topra\u011fa verilecek. Allah rahmet eylesin. Karde\u015fi Zekai(Sezai):05545103300 \u00a0 [&hellip;]<\/p>\n","protected":false},"author":2,"featured_media":2224,"comment_status":"closed","ping_status":"open","sticky":false,"template":"","format":"standard","meta":{"tdm_status":"","tdm_grid_status":"","footnotes":""},"categories":[40],"tags":[],"class_list":{"0":"post-2223","1":"post","2":"type-post","3":"status-publish","4":"format-standard","5":"has-post-thumbnail","7":"category-caykara"},"_links":{"self":[{"href":"https:\/\/zeleka.com\/index.php?rest_route=\/wp\/v2\/posts\/2223","targetHints":{"allow":["GET"]}}],"collection":[{"href":"https:\/\/zeleka.com\/index.php?rest_route=\/wp\/v2\/posts"}],"about":[{"href":"https:\/\/zeleka.com\/index.php?rest_route=\/wp\/v2\/types\/post"}],"author":[{"embeddable":true,"href":"https:\/\/zeleka.com\/index.php?rest_route=\/wp\/v2\/users\/2"}],"replies":[{"embeddable":true,"href":"https:\/\/zeleka.com\/index.php?rest_route=%2Fwp%2Fv2%2Fcomments&post=2223"}],"version-history":[{"count":0,"href":"https:\/\/zeleka.com\/index.php?rest_route=\/wp\/v2\/posts\/2223\/revisions"}],"wp:featuredmedia":[{"embeddable":true,"href":"https:\/\/zeleka.com\/index.php?rest_route=\/wp\/v2\/media\/2224"}],"wp:attachment":[{"href":"https:\/\/zeleka.com\/index.php?rest_route=%2Fwp%2Fv2%2Fmedia&parent=2223"}],"wp:term":[{"taxonomy":"category","embeddable":true,"href":"https:\/\/zeleka.com\/index.php?rest_route=%2Fwp%2Fv2%2Fcategories&post=2223"},{"taxonomy":"post_tag","embeddable":true,"href":"https:\/\/zeleka.com\/index.php?rest_route=%2Fwp%2Fv2%2Ftags&post=2223"}],"curies":[{"name":"wp","href":"https:\/\/api.w.org\/{rel}","templated":true}]}}