{"id":2221,"date":"2025-01-21T21:02:00","date_gmt":"2025-01-21T18:02:00","guid":{"rendered":"https:\/\/zeleka.com\/?p=2221"},"modified":"2025-01-21T21:02:00","modified_gmt":"2025-01-21T18:02:00","slug":"kaymakam-gurdal-erbeke-veda-yemegi","status":"publish","type":"post","link":"https:\/\/zeleka.com\/?p=2221","title":{"rendered":"Kaymakam G\u00fcrdal Erbek\u2019e veda yeme\u011fi"},"content":{"rendered":"<p><img width=\"1024\" height=\"576\" src=\"https:\/\/www.caykaragazetesi.com\/wp-content\/uploads\/2025\/01\/kaymakam-gurdal-erbeke-veda-yemegi-9.jpeg\" class=\"attachment-post-thumbnail size-post-thumbnail wp-post-image\" alt=\"Kaymakam G\u00fcrdal Erbek\u2019e veda yeme\u011fi 21\" decoding=\"async\" loading=\"lazy\" srcset=\"https:\/\/www.caykaragazetesi.com\/wp-content\/uploads\/2025\/01\/kaymakam-gurdal-erbeke-veda-yemegi-9.jpeg 1024w, https:\/\/www.caykaragazetesi.com\/wp-content\/uploads\/2025\/01\/kaymakam-gurdal-erbeke-veda-yemegi-9-768x432.jpeg 768w\" sizes=\"auto, (max-width: 1024px) 100vw, 1024px\" title=\"Kaymakam G\u00fcrdal Erbek\u2019e veda yeme\u011fi 21\"><\/p>\n<p>\u00c7aykara\u2019daki g\u00f6rev s\u00fcresini tamamlayan Kaymakam G\u00fcrdal Erbek\u2019e, \u00c7aykara Belediye Ba\u015fkan\u0131 Hanefi Tok, kurum amirleri ve memurlar\u0131n\u0131n kat\u0131l\u0131m\u0131yla Uzung\u00f6l\u2019de veda yeme\u011fi d\u00fczenlendi.<\/p>\n<p>Yemekte konu\u015fan \u00c7aykara Belediye Ba\u015fkan\u0131 Hanefi Tok, Kaymakam G\u00fcrdal Erbek ile uyumlu bir \u00e7al\u0131\u015fma s\u00fcreci ge\u00e7irdiklerini ifade ederek \u201c\u00c7aykara\u2019m\u0131za yapt\u0131\u011f\u0131 hizmetler i\u00e7in te\u015fekk\u00fcr ederim. Kendisine bundan sonraki g\u00f6revlerinde ve ya\u015fam\u0131nda ba\u015far\u0131lar dilerim.\u201d Dedi.<\/p>\n<p>Kaymakam G\u00fcrdal Erbek de organizasyonda eme\u011fi ge\u00e7en ba\u015fta Belediye Ba\u015fkan\u0131 Hanefi Tok ve kat\u0131lanlara te\u015fekk\u00fcr ederek \u00c7aykara\u2019da huzurlu ama yo\u011fun bir \u00e7al\u0131\u015fma d\u00f6nemi ge\u00e7irdi\u011fini, buradan \u00f6nemli tecr\u00fcbelerle ayr\u0131ld\u0131\u011f\u0131n\u0131 ve \u00c7aykara\u2019n\u0131n kendisi ve ailesi i\u00e7in her zaman \u00f6zel bir yere sahip olaca\u011f\u0131n\u0131 ifade etti. Erbek g\u00f6revi s\u00fcresince idareye yard\u0131mc\u0131 olan \u00c7aykara halk\u0131na da te\u015fekk\u00fcrlerini iletti.<\/p>\n<p>Yemek program\u0131 hediye takdimi ile son buldu.<\/p>\n<p><a href=\"https:\/\/www.caykaragazetesi.com\/burokrasi\/kaymakam-gurdal-erbeke-veda-yemegi-71996\/attachment\/kaymakam-gurdal-erbeke-veda-yemegi-8\/\"><img loading=\"lazy\" decoding=\"async\" width=\"1024\" height=\"768\" src=\"https:\/\/www.caykaragazetesi.com\/wp-content\/uploads\/2025\/01\/kaymakam-gurdal-erbeke-veda-yemegi-8.jpeg\" class=\"attachment-full size-full\" alt=\"Kaymakam G\u00fcrdal Erbek\u2019e veda yeme\u011fi 12\" srcset=\"https:\/\/www.caykaragazetesi.com\/wp-content\/uploads\/2025\/01\/kaymakam-gurdal-erbeke-veda-yemegi-8.jpeg 1024w, https:\/\/www.caykaragazetesi.com\/wp-content\/uploads\/2025\/01\/kaymakam-gurdal-erbeke-veda-yemegi-8-768x576.jpeg 768w\" sizes=\"auto, (max-width: 1024px) 100vw, 1024px\" title=\"Kaymakam G\u00fcrdal Erbek\u2019e veda yeme\u011fi 12\"><\/a><br \/>\n<a href=\"https:\/\/www.caykaragazetesi.com\/burokrasi\/kaymakam-gurdal-erbeke-veda-yemegi-71996\/attachment\/kaymakam-gurdal-erbeke-veda-yemegi-7\/\"><img loading=\"lazy\" decoding=\"async\" width=\"1024\" height=\"473\" src=\"https:\/\/www.caykaragazetesi.com\/wp-content\/uploads\/2025\/01\/kaymakam-gurdal-erbeke-veda-yemegi-7.jpeg\" class=\"attachment-full size-full\" alt=\"Kaymakam G\u00fcrdal Erbek\u2019e veda yeme\u011fi 13\" srcset=\"https:\/\/www.caykaragazetesi.com\/wp-content\/uploads\/2025\/01\/kaymakam-gurdal-erbeke-veda-yemegi-7.jpeg 1024w, https:\/\/www.caykaragazetesi.com\/wp-content\/uploads\/2025\/01\/kaymakam-gurdal-erbeke-veda-yemegi-7-768x355.jpeg 768w\" sizes=\"auto, (max-width: 1024px) 100vw, 1024px\" title=\"Kaymakam G\u00fcrdal Erbek\u2019e veda yeme\u011fi 13\"><\/a><br \/>\n<a href=\"https:\/\/www.caykaragazetesi.com\/burokrasi\/kaymakam-gurdal-erbeke-veda-yemegi-71996\/attachment\/kaymakam-gurdal-erbeke-veda-yemegi-6\/\"><img loading=\"lazy\" decoding=\"async\" width=\"1024\" height=\"768\" src=\"https:\/\/www.caykaragazetesi.com\/wp-content\/uploads\/2025\/01\/kaymakam-gurdal-erbeke-veda-yemegi-6.jpeg\" class=\"attachment-full size-full\" alt=\"Kaymakam G\u00fcrdal Erbek\u2019e veda yeme\u011fi 14\" srcset=\"https:\/\/www.caykaragazetesi.com\/wp-content\/uploads\/2025\/01\/kaymakam-gurdal-erbeke-veda-yemegi-6.jpeg 1024w, https:\/\/www.caykaragazetesi.com\/wp-content\/uploads\/2025\/01\/kaymakam-gurdal-erbeke-veda-yemegi-6-768x576.jpeg 768w\" sizes=\"auto, (max-width: 1024px) 100vw, 1024px\" title=\"Kaymakam G\u00fcrdal Erbek\u2019e veda yeme\u011fi 14\"><\/a><br \/>\n<a href=\"https:\/\/www.caykaragazetesi.com\/burokrasi\/kaymakam-gurdal-erbeke-veda-yemegi-71996\/attachment\/kaymakam-gurdal-erbeke-veda-yemegi-5\/\"><img loading=\"lazy\" decoding=\"async\" width=\"1024\" height=\"768\" src=\"https:\/\/www.caykaragazetesi.com\/wp-content\/uploads\/2025\/01\/kaymakam-gurdal-erbeke-veda-yemegi-5.jpeg\" class=\"attachment-full size-full\" alt=\"Kaymakam G\u00fcrdal Erbek\u2019e veda yeme\u011fi 15\" srcset=\"https:\/\/www.caykaragazetesi.com\/wp-content\/uploads\/2025\/01\/kaymakam-gurdal-erbeke-veda-yemegi-5.jpeg 1024w, https:\/\/www.caykaragazetesi.com\/wp-content\/uploads\/2025\/01\/kaymakam-gurdal-erbeke-veda-yemegi-5-768x576.jpeg 768w\" sizes=\"auto, (max-width: 1024px) 100vw, 1024px\" title=\"Kaymakam G\u00fcrdal Erbek\u2019e veda yeme\u011fi 15\"><\/a><br \/>\n<a href=\"https:\/\/www.caykaragazetesi.com\/burokrasi\/kaymakam-gurdal-erbeke-veda-yemegi-71996\/attachment\/kaymakam-gurdal-erbeke-veda-yemegi-4\/\"><img loading=\"lazy\" decoding=\"async\" width=\"1024\" height=\"768\" src=\"https:\/\/www.caykaragazetesi.com\/wp-content\/uploads\/2025\/01\/kaymakam-gurdal-erbeke-veda-yemegi-4.jpeg\" class=\"attachment-full size-full\" alt=\"Kaymakam G\u00fcrdal Erbek\u2019e veda yeme\u011fi 16\" srcset=\"https:\/\/www.caykaragazetesi.com\/wp-content\/uploads\/2025\/01\/kaymakam-gurdal-erbeke-veda-yemegi-4.jpeg 1024w, https:\/\/www.caykaragazetesi.com\/wp-content\/uploads\/2025\/01\/kaymakam-gurdal-erbeke-veda-yemegi-4-768x576.jpeg 768w\" sizes=\"auto, (max-width: 1024px) 100vw, 1024px\" title=\"Kaymakam G\u00fcrdal Erbek\u2019e veda yeme\u011fi 16\"><\/a><br \/>\n<a href=\"https:\/\/www.caykaragazetesi.com\/burokrasi\/kaymakam-gurdal-erbeke-veda-yemegi-71996\/attachment\/kaymakam-gurdal-erbeke-veda-yemegi-3\/\"><img loading=\"lazy\" decoding=\"async\" width=\"1024\" height=\"768\" src=\"https:\/\/www.caykaragazetesi.com\/wp-content\/uploads\/2025\/01\/kaymakam-gurdal-erbeke-veda-yemegi-3.jpeg\" class=\"attachment-full size-full\" alt=\"Kaymakam G\u00fcrdal Erbek\u2019e veda yeme\u011fi 17\" srcset=\"https:\/\/www.caykaragazetesi.com\/wp-content\/uploads\/2025\/01\/kaymakam-gurdal-erbeke-veda-yemegi-3.jpeg 1024w, https:\/\/www.caykaragazetesi.com\/wp-content\/uploads\/2025\/01\/kaymakam-gurdal-erbeke-veda-yemegi-3-768x576.jpeg 768w\" sizes=\"auto, (max-width: 1024px) 100vw, 1024px\" title=\"Kaymakam G\u00fcrdal Erbek\u2019e veda yeme\u011fi 17\"><\/a><br \/>\n<a href=\"https:\/\/www.caykaragazetesi.com\/burokrasi\/kaymakam-gurdal-erbeke-veda-yemegi-71996\/attachment\/kaymakam-gurdal-erbeke-veda-yemegi-2\/\"><img loading=\"lazy\" decoding=\"async\" width=\"1024\" height=\"768\" src=\"https:\/\/www.caykaragazetesi.com\/wp-content\/uploads\/2025\/01\/kaymakam-gurdal-erbeke-veda-yemegi-2.jpeg\" class=\"attachment-full size-full\" alt=\"Kaymakam G\u00fcrdal Erbek\u2019e veda yeme\u011fi 18\" srcset=\"https:\/\/www.caykaragazetesi.com\/wp-content\/uploads\/2025\/01\/kaymakam-gurdal-erbeke-veda-yemegi-2.jpeg 1024w, https:\/\/www.caykaragazetesi.com\/wp-content\/uploads\/2025\/01\/kaymakam-gurdal-erbeke-veda-yemegi-2-768x576.jpeg 768w\" sizes=\"auto, (max-width: 1024px) 100vw, 1024px\" title=\"Kaymakam G\u00fcrdal Erbek\u2019e veda yeme\u011fi 18\"><\/a><br \/>\n<a href=\"https:\/\/www.caykaragazetesi.com\/burokrasi\/kaymakam-gurdal-erbeke-veda-yemegi-71996\/attachment\/kaymakam-gurdal-erbeke-veda-yemegi\/\"><img loading=\"lazy\" decoding=\"async\" width=\"1024\" height=\"768\" src=\"https:\/\/www.caykaragazetesi.com\/wp-content\/uploads\/2025\/01\/kaymakam-gurdal-erbeke-veda-yemegi.jpeg\" class=\"attachment-full size-full\" alt=\"Kaymakam G\u00fcrdal Erbek\u2019e veda yeme\u011fi 19\" srcset=\"https:\/\/www.caykaragazetesi.com\/wp-content\/uploads\/2025\/01\/kaymakam-gurdal-erbeke-veda-yemegi.jpeg 1024w, https:\/\/www.caykaragazetesi.com\/wp-content\/uploads\/2025\/01\/kaymakam-gurdal-erbeke-veda-yemegi-768x576.jpeg 768w\" sizes=\"auto, (max-width: 1024px) 100vw, 1024px\" title=\"Kaymakam G\u00fcrdal Erbek\u2019e veda yeme\u011fi 19\"><\/a><br \/>\n<a href=\"https:\/\/www.caykaragazetesi.com\/burokrasi\/kaymakam-gurdal-erbeke-veda-yemegi-71996\/attachment\/kaymakam-gurdal-erbeke-veda-yemegi-9\/\"><img loading=\"lazy\" decoding=\"async\" width=\"1024\" height=\"576\" src=\"https:\/\/www.caykaragazetesi.com\/wp-content\/uploads\/2025\/01\/kaymakam-gurdal-erbeke-veda-yemegi-9.jpeg\" class=\"attachment-full size-full\" alt=\"Kaymakam G\u00fcrdal Erbek\u2019e veda yeme\u011fi 20\" srcset=\"https:\/\/www.caykaragazetesi.com\/wp-content\/uploads\/2025\/01\/kaymakam-gurdal-erbeke-veda-yemegi-9.jpeg 1024w, https:\/\/www.caykaragazetesi.com\/wp-content\/uploads\/2025\/01\/kaymakam-gurdal-erbeke-veda-yemegi-9-768x432.jpeg 768w\" sizes=\"auto, (max-width: 1024px) 100vw, 1024px\" title=\"Kaymakam G\u00fcrdal Erbek\u2019e veda yeme\u011fi 20\"><\/a><br \/>Bu icerik www.caykaragazetesi.com alintidir.<\/p>\n","protected":false},"excerpt":{"rendered":"<p>\u00c7aykara\u2019daki g\u00f6rev s\u00fcresini tamamlayan Kaymakam G\u00fcrdal Erbek\u2019e, \u00c7aykara Belediye Ba\u015fkan\u0131 Hanefi Tok, kurum amirleri ve memurlar\u0131n\u0131n kat\u0131l\u0131m\u0131yla Uzung\u00f6l\u2019de veda yeme\u011fi d\u00fczenlendi. Yemekte konu\u015fan \u00c7aykara Belediye Ba\u015fkan\u0131 Hanefi Tok, Kaymakam G\u00fcrdal Erbek ile uyumlu bir \u00e7al\u0131\u015fma s\u00fcreci ge\u00e7irdiklerini ifade ederek \u201c\u00c7aykara\u2019m\u0131za yapt\u0131\u011f\u0131 hizmetler i\u00e7in te\u015fekk\u00fcr ederim. Kendisine bundan sonraki g\u00f6revlerinde ve ya\u015fam\u0131nda ba\u015far\u0131lar dilerim.\u201d Dedi. Kaymakam [&hellip;]<\/p>\n","protected":false},"author":2,"featured_media":2222,"comment_status":"closed","ping_status":"open","sticky":false,"template":"","format":"standard","meta":{"tdm_status":"","tdm_grid_status":"","footnotes":""},"categories":[40],"tags":[],"class_list":{"0":"post-2221","1":"post","2":"type-post","3":"status-publish","4":"format-standard","5":"has-post-thumbnail","7":"category-caykara"},"_links":{"self":[{"href":"https:\/\/zeleka.com\/index.php?rest_route=\/wp\/v2\/posts\/2221","targetHints":{"allow":["GET"]}}],"collection":[{"href":"https:\/\/zeleka.com\/index.php?rest_route=\/wp\/v2\/posts"}],"about":[{"href":"https:\/\/zeleka.com\/index.php?rest_route=\/wp\/v2\/types\/post"}],"author":[{"embeddable":true,"href":"https:\/\/zeleka.com\/index.php?rest_route=\/wp\/v2\/users\/2"}],"replies":[{"embeddable":true,"href":"https:\/\/zeleka.com\/index.php?rest_route=%2Fwp%2Fv2%2Fcomments&post=2221"}],"version-history":[{"count":0,"href":"https:\/\/zeleka.com\/index.php?rest_route=\/wp\/v2\/posts\/2221\/revisions"}],"wp:featuredmedia":[{"embeddable":true,"href":"https:\/\/zeleka.com\/index.php?rest_route=\/wp\/v2\/media\/2222"}],"wp:attachment":[{"href":"https:\/\/zeleka.com\/index.php?rest_route=%2Fwp%2Fv2%2Fmedia&parent=2221"}],"wp:term":[{"taxonomy":"category","embeddable":true,"href":"https:\/\/zeleka.com\/index.php?rest_route=%2Fwp%2Fv2%2Fcategories&post=2221"},{"taxonomy":"post_tag","embeddable":true,"href":"https:\/\/zeleka.com\/index.php?rest_route=%2Fwp%2Fv2%2Ftags&post=2221"}],"curies":[{"name":"wp","href":"https:\/\/api.w.org\/{rel}","templated":true}]}}