{"id":2213,"date":"2025-01-22T00:26:00","date_gmt":"2025-01-21T21:26:00","guid":{"rendered":"https:\/\/zeleka.com\/?p=2213"},"modified":"2025-01-22T00:26:00","modified_gmt":"2025-01-21T21:26:00","slug":"taskiranda-semse-albayrak-vefat-etti","status":"publish","type":"post","link":"https:\/\/zeleka.com\/?p=2213","title":{"rendered":"Ta\u015fk\u0131ran\u2019da \u015eemse Albayrak vefat etti"},"content":{"rendered":"<p><img loading=\"lazy\" width=\"1024\" height=\"576\" src=\"https:\/\/www.caykaragazetesi.com\/wp-content\/uploads\/2025\/01\/taskiranda-semse-albayrak-vefat-etti.jpeg\" class=\"attachment-post-thumbnail size-post-thumbnail wp-post-image\" alt=\"Ta\u015fk\u0131ran\u2019da \u015eemse Albayrak vefat etti 2\" decoding=\"async\" srcset=\"https:\/\/www.caykaragazetesi.com\/wp-content\/uploads\/2025\/01\/taskiranda-semse-albayrak-vefat-etti.jpeg 1024w, https:\/\/www.caykaragazetesi.com\/wp-content\/uploads\/2025\/01\/taskiranda-semse-albayrak-vefat-etti-768x432.jpeg 768w\" sizes=\"auto, (max-width: 1024px) 100vw, 1024px\" title=\"Ta\u015fk\u0131ran\u2019da \u015eemse Albayrak vefat etti 2\"><\/p>\n<p>\u00c7aykara Belediyesi personeli Yavuz Albayrak\u2019\u0131n annesi, \u00c7aykara Tur eski \u015fof\u00f6rlerinden merhum Celal Albayrak\u2019\u0131n e\u015fi \u015eemse Albayrak (91) vefat etti.<\/p>\n<p>Cenazesi 22 Ocak 2025 \u00c7ar\u015famba g\u00fcn\u00fc \u00f6\u011fle namaz\u0131ndan sonra Ta\u015fk\u0131ran Merkez Camii\u2019nde k\u0131l\u0131narak aile mezarl\u0131\u011f\u0131nda defnedilecek.<\/p>\n<p>Allah rahmet eylesin.<br \/>\nO\u011fullar\u0131:<br \/>\nMustafa Albayrak (Tel: 05332433269)<br \/>\nYavuz Albayrak (Tel: 05336449318)<\/p>\n<p>Bu icerik www.caykaragazetesi.com alintidir.<\/p>\n","protected":false},"excerpt":{"rendered":"<p>\u00c7aykara Belediyesi personeli Yavuz Albayrak\u2019\u0131n annesi, \u00c7aykara Tur eski \u015fof\u00f6rlerinden merhum Celal Albayrak\u2019\u0131n e\u015fi \u015eemse Albayrak (91) vefat etti. Cenazesi 22 Ocak 2025 \u00c7ar\u015famba g\u00fcn\u00fc \u00f6\u011fle namaz\u0131ndan sonra Ta\u015fk\u0131ran Merkez Camii\u2019nde k\u0131l\u0131narak aile mezarl\u0131\u011f\u0131nda defnedilecek. Allah rahmet eylesin. O\u011fullar\u0131: Mustafa Albayrak (Tel: 05332433269) Yavuz Albayrak (Tel: 05336449318) Bu icerik www.caykaragazetesi.com alintidir.<\/p>\n","protected":false},"author":2,"featured_media":2214,"comment_status":"closed","ping_status":"open","sticky":false,"template":"","format":"standard","meta":{"tdm_status":"","tdm_grid_status":"","footnotes":""},"categories":[40],"tags":[],"class_list":{"0":"post-2213","1":"post","2":"type-post","3":"status-publish","4":"format-standard","5":"has-post-thumbnail","7":"category-caykara"},"_links":{"self":[{"href":"https:\/\/zeleka.com\/index.php?rest_route=\/wp\/v2\/posts\/2213","targetHints":{"allow":["GET"]}}],"collection":[{"href":"https:\/\/zeleka.com\/index.php?rest_route=\/wp\/v2\/posts"}],"about":[{"href":"https:\/\/zeleka.com\/index.php?rest_route=\/wp\/v2\/types\/post"}],"author":[{"embeddable":true,"href":"https:\/\/zeleka.com\/index.php?rest_route=\/wp\/v2\/users\/2"}],"replies":[{"embeddable":true,"href":"https:\/\/zeleka.com\/index.php?rest_route=%2Fwp%2Fv2%2Fcomments&post=2213"}],"version-history":[{"count":0,"href":"https:\/\/zeleka.com\/index.php?rest_route=\/wp\/v2\/posts\/2213\/revisions"}],"wp:featuredmedia":[{"embeddable":true,"href":"https:\/\/zeleka.com\/index.php?rest_route=\/wp\/v2\/media\/2214"}],"wp:attachment":[{"href":"https:\/\/zeleka.com\/index.php?rest_route=%2Fwp%2Fv2%2Fmedia&parent=2213"}],"wp:term":[{"taxonomy":"category","embeddable":true,"href":"https:\/\/zeleka.com\/index.php?rest_route=%2Fwp%2Fv2%2Fcategories&post=2213"},{"taxonomy":"post_tag","embeddable":true,"href":"https:\/\/zeleka.com\/index.php?rest_route=%2Fwp%2Fv2%2Ftags&post=2213"}],"curies":[{"name":"wp","href":"https:\/\/api.w.org\/{rel}","templated":true}]}}