{"id":2199,"date":"2025-01-17T21:00:00","date_gmt":"2025-01-17T18:00:00","guid":{"rendered":"https:\/\/zeleka.com\/?p=2199"},"modified":"2025-01-17T21:00:00","modified_gmt":"2025-01-17T18:00:00","slug":"baltacili-mahallesinden-kibar-sahin-vefat-etti","status":"publish","type":"post","link":"https:\/\/zeleka.com\/?p=2199","title":{"rendered":"Baltac\u0131l\u0131 mahallesinden Kibar \u015eahin vefat etti"},"content":{"rendered":"<p><img width=\"700\" height=\"372\" src=\"https:\/\/www.caykaragazetesi.com\/wp-content\/uploads\/2025\/01\/baltacili-mahallesinden-kibar-sahin-vefat-etti.jpg\" class=\"attachment-post-thumbnail size-post-thumbnail wp-post-image\" alt=\"Baltac\u0131l\u0131 mahallesinden Kibar \u015eahin vefat etti 19\" decoding=\"async\" loading=\"lazy\" title=\"Baltac\u0131l\u0131 mahallesinden Kibar \u015eahin vefat etti 19\"><\/p>\n<p>\u0130l\u00e7emizin Baltac\u0131l\u0131 mahallesinden sevilen insan Kibar \u015eahin vefat etti<\/p>\n<p>Merhum Kibar \u015eahin 18 Ocak Cumartesi g\u00fcn\u00fc saat 14.00\u2019da Baltac\u0131l\u0131 mahallesindeki evininin \u00f6n\u00fcnde k\u0131l\u0131nacak cenaze namaz\u0131ndan sonra aile mezarl\u0131\u011f\u0131nda topra\u011fa verilecek.<\/p>\n<p>\u00c7aykara Gazetesi olarak \u00a0merhuma Allah\u2019tan rahmet ailesine sab\u0131rlar dileriz<\/p>\n<p>Bu icerik www.caykaragazetesi.com alintidir.<\/p>\n","protected":false},"excerpt":{"rendered":"<p>\u0130l\u00e7emizin Baltac\u0131l\u0131 mahallesinden sevilen insan Kibar \u015eahin vefat etti Merhum Kibar \u015eahin 18 Ocak Cumartesi g\u00fcn\u00fc saat 14.00\u2019da Baltac\u0131l\u0131 mahallesindeki evininin \u00f6n\u00fcnde k\u0131l\u0131nacak cenaze namaz\u0131ndan sonra aile mezarl\u0131\u011f\u0131nda topra\u011fa verilecek. \u00c7aykara Gazetesi olarak \u00a0merhuma Allah\u2019tan rahmet ailesine sab\u0131rlar dileriz Bu icerik www.caykaragazetesi.com alintidir.<\/p>\n","protected":false},"author":2,"featured_media":2200,"comment_status":"closed","ping_status":"open","sticky":false,"template":"","format":"standard","meta":{"tdm_status":"","tdm_grid_status":"","footnotes":""},"categories":[40],"tags":[],"class_list":{"0":"post-2199","1":"post","2":"type-post","3":"status-publish","4":"format-standard","5":"has-post-thumbnail","7":"category-caykara"},"_links":{"self":[{"href":"https:\/\/zeleka.com\/index.php?rest_route=\/wp\/v2\/posts\/2199","targetHints":{"allow":["GET"]}}],"collection":[{"href":"https:\/\/zeleka.com\/index.php?rest_route=\/wp\/v2\/posts"}],"about":[{"href":"https:\/\/zeleka.com\/index.php?rest_route=\/wp\/v2\/types\/post"}],"author":[{"embeddable":true,"href":"https:\/\/zeleka.com\/index.php?rest_route=\/wp\/v2\/users\/2"}],"replies":[{"embeddable":true,"href":"https:\/\/zeleka.com\/index.php?rest_route=%2Fwp%2Fv2%2Fcomments&post=2199"}],"version-history":[{"count":0,"href":"https:\/\/zeleka.com\/index.php?rest_route=\/wp\/v2\/posts\/2199\/revisions"}],"wp:featuredmedia":[{"embeddable":true,"href":"https:\/\/zeleka.com\/index.php?rest_route=\/wp\/v2\/media\/2200"}],"wp:attachment":[{"href":"https:\/\/zeleka.com\/index.php?rest_route=%2Fwp%2Fv2%2Fmedia&parent=2199"}],"wp:term":[{"taxonomy":"category","embeddable":true,"href":"https:\/\/zeleka.com\/index.php?rest_route=%2Fwp%2Fv2%2Fcategories&post=2199"},{"taxonomy":"post_tag","embeddable":true,"href":"https:\/\/zeleka.com\/index.php?rest_route=%2Fwp%2Fv2%2Ftags&post=2199"}],"curies":[{"name":"wp","href":"https:\/\/api.w.org\/{rel}","templated":true}]}}