{"id":2197,"date":"2025-01-17T23:55:00","date_gmt":"2025-01-17T20:55:00","guid":{"rendered":"https:\/\/zeleka.com\/?p=2197"},"modified":"2025-01-17T23:55:00","modified_gmt":"2025-01-17T20:55:00","slug":"prof-dr-osman-turan-vefatinin-47-yilinda-anildi","status":"publish","type":"post","link":"https:\/\/zeleka.com\/?p=2197","title":{"rendered":"Prof. Dr. Osman Turan vefat\u0131n\u0131n 47. Y\u0131l\u0131nda an\u0131ld\u0131"},"content":{"rendered":"<p><img width=\"1024\" height=\"576\" src=\"https:\/\/www.caykaragazetesi.com\/wp-content\/uploads\/2025\/01\/prof-dr-osman-turan-vefatinin-47-yilinda-anildi.jpeg\" class=\"attachment-post-thumbnail size-post-thumbnail wp-post-image\" alt=\"Prof. Dr. Osman Turan vefat\u0131n\u0131n 47. Y\u0131l\u0131nda an\u0131ld\u0131 17\" decoding=\"async\" loading=\"lazy\" srcset=\"https:\/\/www.caykaragazetesi.com\/wp-content\/uploads\/2025\/01\/prof-dr-osman-turan-vefatinin-47-yilinda-anildi.jpeg 1024w, https:\/\/www.caykaragazetesi.com\/wp-content\/uploads\/2025\/01\/prof-dr-osman-turan-vefatinin-47-yilinda-anildi-768x432.jpeg 768w\" sizes=\"auto, (max-width: 1024px) 100vw, 1024px\" title=\"Prof. Dr. Osman Turan vefat\u0131n\u0131n 47. Y\u0131l\u0131nda an\u0131ld\u0131 17\"><\/p>\n<p>\u00dclkemizin en \u00f6nemli \u0130lim Adamlar\u0131ndan eski Trabzon Milletvekili \u00c7aykaral\u0131 hem\u015fehrimiz Prof. Dr. Osman Turan i\u00e7in vefat\u0131n\u0131n 47. y\u0131l\u0131nda Trabzon T\u00fcrk Oca\u011f\u0131 \u015eubesi taraf\u0131ndan anma program\u0131 d\u00fczenlendi.<\/p>\n<p>Trabzon T\u00fcrk Oca\u011f\u0131 Sacit Bostan konferans salonunda ger\u00e7ekle\u015fen anma program\u0131na KT\u00dc ve Trabzon \u00dcniversitelerinde g\u00f6rev yapan \u00f6\u011fretim \u00fcyeleri, sivil toplum g\u00f6revlileri, vatanda\u015flar ve \u00f6\u011frenciler kat\u0131ld\u0131.<\/p>\n<p>Programda konu\u015fan Karadeniz Teknik \u00dcniversitesi Edebiyat Fak\u00fcltesi Tarih B\u00f6l\u00fcm\u00fc \u00f6\u011fretim \u00fcyesi Do\u00e7. Dr. Ahmet Kara\u00e7avu\u015f, Osman Turan\u2019\u0131n hayat\u0131, \u00e7al\u0131\u015fmalar\u0131 ve eserleri ile siyasete olan katk\u0131lar\u0131 hakk\u0131nda kat\u0131l\u0131mc\u0131lara \u00f6nemli bilgiler sundu.<\/p>\n<p>Trabzon T\u00fcrk Oca\u011f\u0131 Ba\u015fkan\u0131 \u00c7aykaral\u0131 hem\u015fehrimiz Prof. Dr. Hikmet \u00d6ks\u00fcz yapt\u0131\u011f\u0131 konu\u015fmada,\u201dTarihi bilgilerin aktar\u0131lmas\u0131nda hem de Siyaset ve Demokrasi anlay\u0131\u015f\u0131n\u0131n itaat k\u00fclt\u00fcr\u00fcne ba\u011fl\u0131 kalmaks\u0131z\u0131n bir iddia ile bir kimli\u011fi ayakta tutma ad\u0131na \u00f6nemli bir temsilcisi olan Prof. Dr. Osman Turan\u2019\u0131 \u00f6l\u00fcm y\u0131l d\u00f6n\u00fcm\u00fcnde burada and\u0131k. Ruhu \u015fad olsun, mek\u00e2n\u0131 cennet olsun. O sadece T\u00fcrk tarihine katk\u0131 yapmad\u0131. O, ya\u015fad\u0131\u011f\u0131 d\u00f6nemden g\u00fcn\u00fcm\u00fcz\u00fcn T\u00fcrkiye\u2019sinin sosyal ve siyasal meselelerinde \u00e7\u00f6z\u00fcm \u00fcretti. Sel\u00e7uklu ve \u0130slam \u00f6ncesi ve \u00e7ok \u00f6nemli bir \u00e7al\u0131\u015fmas\u0131 da Do\u011fu Anadolu T\u00fcrk Devletleri tarihidir. Bu \u00e7al\u0131\u015fma asl\u0131nda bug\u00fcnk\u00fc g\u00fcncel geli\u015fmeleri T\u00fcrkiye \u00fczerindeki b\u00fct\u00fcn hesaplara Tarihin i\u00e7erisinden cevap \u00fcretiyor. Bu birikim T\u00fcrk devlet akl\u0131n\u0131 da etkilemi\u015f gibi g\u00f6z\u00fck\u00fcyor. Ben bu manada her t\u00fcrl\u00fc i\u00e7 siyasal pozisyondan uzak durarak Ahlat\u2019ta Anadolu\u2019ya ilk giri\u015f yapan T\u00fcrk kahramanlar\u0131n\u0131n mezar ta\u015flar\u0131na sahip \u00e7\u0131kma projesini \u00e7ok \u00f6nemsiyorum\u201d dedi.<br \/>\n\u00d6ks\u00fcz, \u201cBu sadece Irak\u2019\u0131n ve Suriye\u2019nin kuzeyinde olu\u015fan \u015fekillenmelerin T\u00fcrkiye Co\u011frafyas\u0131 \u00fczerindeki etkilerine bir cevap de\u011fildir ayn\u0131 zamanda hemen yan\u0131 ba\u015f\u0131m\u0131zda bulunan iki bin y\u0131ll\u0131k bir Fars medeniyetine de bir kar\u015f\u0131 koyu\u015f ve ayn\u0131 zamanda bir cevapt\u0131r. Tarihi bu perspektifte de\u011ferlendirmek laz\u0131m. Buna en g\u00fc\u00e7l\u00fc malzemeyi temin eden Prof. Dr. Osman Turan\u2019d\u0131r. Sel\u00e7uklular devri ile ilgili yazd\u0131klar\u0131 uluslararas\u0131 camiada hi\u00e7bir \u015fekilde tart\u0131\u015f\u0131lmaz niteliktedir. Bunu bu \u015fekilde de\u011ferlendirme ve dikkatlerde tutmak laz\u0131m. Osman Turan her yerde bir iddia sahibidir. Akademi i\u00e7inde do\u011fru bildi\u011fini s\u00f6ylemesi, dostuna arkada\u015f\u0131na sahip \u00e7\u0131kma cesaretini pozisyonunu kaybetme pahas\u0131na en \u00fcst seviyede ortaya koymas\u0131, siyasette genel ba\u015fkana yard\u0131mc\u0131l\u0131k yaparken itiraz edebilme cesaretini g\u00f6stermesidir. Yanl\u0131\u015fa yanl\u0131\u015f diyebilmesi ve bunun bedelini \u00fcstlenebilmesi ba\u011flam\u0131nda bir ideal insan\u0131d\u0131r\u201d ifadelerini kulland\u0131.<br \/>\n\u00d6ks\u00fcz, konu\u015fmas\u0131n\u0131n son b\u00f6l\u00fcm\u00fcnde T\u00fcrk gen\u00e7li\u011fine seslenerek,\u201dBir model aray\u0131\u015f\u0131 i\u00e7erisinde iseniz d\u00f6n\u00fcp Prof. Dr. Osman Turan\u2019a bakabilir, onda kendinizi bulabilirsiniz. Bunun \u00f6tesinde \u015fuan i\u00e7erisinde bulundu\u011fumuz T\u00fcrk Ocaklar\u0131nda Osman Turan\u2019\u0131n iki d\u00f6nem ba\u015fkanl\u0131k yapm\u0131\u015f biri olarak dolay\u0131s\u0131yla bizim genel ba\u015fkan\u0131m\u0131zd\u0131r. 1960-1970 y\u0131llarda liderlik yapm\u0131\u015f bir isimdir. Bu manada T\u00fcrk Cihan H\u00e2kimiyeti Mefk\u00fbresi Tarihi \u00e7ok k\u0131ymetlidir\u201d dedi.<\/p>\n<p>Yap\u0131lan konu\u015fmalardan sonra KT\u00dc eski Rekt\u00f6r\u00fc Prof. Dr. \u0130brahim \u00d6zen taraf\u0131ndan sunum yapan Do\u00e7. Dr. Ahmet Kara\u00e7avu\u015f\u2019a te\u015fekk\u00fcr belgesi taktim edildi. Ayr\u0131ca, Prof. Dr. Osman Turan\u2019\u0131n yazd\u0131\u011f\u0131, \u201cT\u00fcrk Cihan Hakimiyeti Mefk\u00fbresi Tarihi\u201d kitab\u0131 kat\u0131l\u0131mc\u0131lara da\u011f\u0131t\u0131ld\u0131..<\/p>\n<p>PROFES\u00d6R OSMAN TURAN K\u0130MD\u0130R?<br \/>\n\u00c7aykara So\u011fanl\u0131 k\u00f6y\u00fc den olan Osman Turan, 1914 y\u0131l\u0131nda Bayburt\u00b4ta do\u011fdu. Kurdo\u011fullar\u0131 a\u015firetine mensuptur. Babas\u0131, Birinci Cihan Sava\u015f\u0131nda Kafkas Cephesinde \u015fehit olan Hasan A\u011fa\u00b4d\u0131r. Annesi \u015eahsene Han\u0131m\u00b4d\u0131r. \u00c7ocuklu\u011fu \u00c7aykara ve \u00c7at\u0131ksu\u00b4da ge\u00e7ti. \u0130lkokulu \u00c7aykara\u00b4da, ortaokulu Bayburt\u00b4ta okudu. Ortaokuldan sonra, Trabzon Lisesi\u00b4ne devam etti. Liseyi Trabzon ve Ankara\u00b4da bitirdi. 1940 y\u0131l\u0131nda Ankara \u00dcniversitesi Dil-Tarih ve Co\u011frafya Fak\u00fcltesi\u00b4nden mezun oldu. \u00b4On iki Hayvanl\u0131 T\u00fcrk Takvimi\u00b4 adl\u0131 eseriyle doktor oldu. Doktora j\u00fcrisinin ba\u015fkan\u0131 Prof. Dr. Fuat K\u00f6pr\u00fcl\u00fc idi. 1944 y\u0131l\u0131nda do\u00e7entli\u011fe, 1951\u00b4de de profes\u00f6rl\u00fc\u011fe y\u00fckseldi. 1948\u00b4de Paris\u00b4te toplanan \u015eakiyat\u00e7\u0131lar Kongresine \u201cSel\u00e7uklu T\u00fcrkiye\u00b4sinde Toprak Hukuku\u201d adl\u0131 tebli\u011fiyle kat\u0131ld\u0131. 1948-1950 y\u0131llar\u0131 aras\u0131nda Londra ve Paris\u00b4te incelemeler yapt\u0131. 1954 y\u0131l\u0131nda DP\u00b4den Trabzon milletvekili se\u00e7ildi. Milletvekilli\u011fi 27 May\u0131s 1960\u00b4a kadar s\u00fcrd\u00fc. Yass\u0131ada\u00b4da 17 ay tutuklu kald\u0131. Beraat etti. 1964 y\u0131l\u0131nda Adalet Partisi Genel Ba\u015fkan Yard\u0131mc\u0131s\u0131 se\u00e7ildi. 1967 y\u0131l\u0131nda tekrar Trabzon milletvekili se\u00e7ildi. 1969\u00b4da siyasetten \u00e7ekildi. 1972 y\u0131l\u0131nda emekli oldu. \u0130ngilizce, Frans\u0131zca, Arap\u00e7a ve Fars\u00e7a biliyordu. 17 Ocak 1978 tarihinde vefat etti.<\/p>\n<p><a href=\"https:\/\/www.caykaragazetesi.com\/bolgesel\/prof-dr-osman-turan-vefatinin-47-yilinda-anildi-71914\/attachment\/prof-dr-osman-turan-vefatinin-47-yilinda-anildi-7\/\"><img loading=\"lazy\" decoding=\"async\" width=\"1024\" height=\"641\" src=\"https:\/\/www.caykaragazetesi.com\/wp-content\/uploads\/2025\/01\/prof-dr-osman-turan-vefatinin-47-yilinda-anildi-7.jpeg\" class=\"attachment-full size-full\" alt=\"Prof. Dr. Osman Turan vefat\u0131n\u0131n 47. Y\u0131l\u0131nda an\u0131ld\u0131 11\" srcset=\"https:\/\/www.caykaragazetesi.com\/wp-content\/uploads\/2025\/01\/prof-dr-osman-turan-vefatinin-47-yilinda-anildi-7.jpeg 1024w, https:\/\/www.caykaragazetesi.com\/wp-content\/uploads\/2025\/01\/prof-dr-osman-turan-vefatinin-47-yilinda-anildi-7-768x481.jpeg 768w\" sizes=\"auto, (max-width: 1024px) 100vw, 1024px\" title=\"Prof. Dr. Osman Turan vefat\u0131n\u0131n 47. Y\u0131l\u0131nda an\u0131ld\u0131 11\"><\/a><br \/>\n<a href=\"https:\/\/www.caykaragazetesi.com\/bolgesel\/prof-dr-osman-turan-vefatinin-47-yilinda-anildi-71914\/attachment\/prof-dr-osman-turan-vefatinin-47-yilinda-anildi-6\/\"><img loading=\"lazy\" decoding=\"async\" width=\"1024\" height=\"604\" src=\"https:\/\/www.caykaragazetesi.com\/wp-content\/uploads\/2025\/01\/prof-dr-osman-turan-vefatinin-47-yilinda-anildi-6.jpeg\" class=\"attachment-full size-full\" alt=\"Prof. Dr. Osman Turan vefat\u0131n\u0131n 47. Y\u0131l\u0131nda an\u0131ld\u0131 12\" srcset=\"https:\/\/www.caykaragazetesi.com\/wp-content\/uploads\/2025\/01\/prof-dr-osman-turan-vefatinin-47-yilinda-anildi-6.jpeg 1024w, https:\/\/www.caykaragazetesi.com\/wp-content\/uploads\/2025\/01\/prof-dr-osman-turan-vefatinin-47-yilinda-anildi-6-768x453.jpeg 768w\" sizes=\"auto, (max-width: 1024px) 100vw, 1024px\" title=\"Prof. Dr. Osman Turan vefat\u0131n\u0131n 47. Y\u0131l\u0131nda an\u0131ld\u0131 12\"><\/a><br \/>\n<a href=\"https:\/\/www.caykaragazetesi.com\/bolgesel\/prof-dr-osman-turan-vefatinin-47-yilinda-anildi-71914\/attachment\/prof-dr-osman-turan-vefatinin-47-yilinda-anildi-5\/\"><img loading=\"lazy\" decoding=\"async\" width=\"1024\" height=\"614\" src=\"https:\/\/www.caykaragazetesi.com\/wp-content\/uploads\/2025\/01\/prof-dr-osman-turan-vefatinin-47-yilinda-anildi-5.jpeg\" class=\"attachment-full size-full\" alt=\"Prof. Dr. Osman Turan vefat\u0131n\u0131n 47. Y\u0131l\u0131nda an\u0131ld\u0131 13\" srcset=\"https:\/\/www.caykaragazetesi.com\/wp-content\/uploads\/2025\/01\/prof-dr-osman-turan-vefatinin-47-yilinda-anildi-5.jpeg 1024w, https:\/\/www.caykaragazetesi.com\/wp-content\/uploads\/2025\/01\/prof-dr-osman-turan-vefatinin-47-yilinda-anildi-5-768x461.jpeg 768w\" sizes=\"auto, (max-width: 1024px) 100vw, 1024px\" title=\"Prof. Dr. Osman Turan vefat\u0131n\u0131n 47. Y\u0131l\u0131nda an\u0131ld\u0131 13\"><\/a><br \/>\n<a href=\"https:\/\/www.caykaragazetesi.com\/bolgesel\/prof-dr-osman-turan-vefatinin-47-yilinda-anildi-71914\/attachment\/prof-dr-osman-turan-vefatinin-47-yilinda-anildi-4\/\"><img loading=\"lazy\" decoding=\"async\" width=\"1024\" height=\"659\" src=\"https:\/\/www.caykaragazetesi.com\/wp-content\/uploads\/2025\/01\/prof-dr-osman-turan-vefatinin-47-yilinda-anildi-4.jpeg\" class=\"attachment-full size-full\" alt=\"Prof. Dr. Osman Turan vefat\u0131n\u0131n 47. Y\u0131l\u0131nda an\u0131ld\u0131 14\" srcset=\"https:\/\/www.caykaragazetesi.com\/wp-content\/uploads\/2025\/01\/prof-dr-osman-turan-vefatinin-47-yilinda-anildi-4.jpeg 1024w, https:\/\/www.caykaragazetesi.com\/wp-content\/uploads\/2025\/01\/prof-dr-osman-turan-vefatinin-47-yilinda-anildi-4-768x494.jpeg 768w\" sizes=\"auto, (max-width: 1024px) 100vw, 1024px\" title=\"Prof. Dr. Osman Turan vefat\u0131n\u0131n 47. Y\u0131l\u0131nda an\u0131ld\u0131 14\"><\/a><br \/>\n<a href=\"https:\/\/www.caykaragazetesi.com\/bolgesel\/prof-dr-osman-turan-vefatinin-47-yilinda-anildi-71914\/attachment\/prof-dr-osman-turan-vefatinin-47-yilinda-anildi-3\/\"><img loading=\"lazy\" decoding=\"async\" width=\"1024\" height=\"647\" src=\"https:\/\/www.caykaragazetesi.com\/wp-content\/uploads\/2025\/01\/prof-dr-osman-turan-vefatinin-47-yilinda-anildi-3.jpeg\" class=\"attachment-full size-full\" alt=\"Prof. Dr. Osman Turan vefat\u0131n\u0131n 47. Y\u0131l\u0131nda an\u0131ld\u0131 15\" srcset=\"https:\/\/www.caykaragazetesi.com\/wp-content\/uploads\/2025\/01\/prof-dr-osman-turan-vefatinin-47-yilinda-anildi-3.jpeg 1024w, https:\/\/www.caykaragazetesi.com\/wp-content\/uploads\/2025\/01\/prof-dr-osman-turan-vefatinin-47-yilinda-anildi-3-768x485.jpeg 768w\" sizes=\"auto, (max-width: 1024px) 100vw, 1024px\" title=\"Prof. Dr. Osman Turan vefat\u0131n\u0131n 47. Y\u0131l\u0131nda an\u0131ld\u0131 15\"><\/a><br \/>\n<a href=\"https:\/\/www.caykaragazetesi.com\/bolgesel\/prof-dr-osman-turan-vefatinin-47-yilinda-anildi-71914\/attachment\/prof-dr-osman-turan-vefatinin-47-yilinda-anildi-2\/\"><img loading=\"lazy\" decoding=\"async\" width=\"456\" height=\"500\" src=\"https:\/\/www.caykaragazetesi.com\/wp-content\/uploads\/2025\/01\/prof-dr-osman-turan-vefatinin-47-yilinda-anildi-2.jpeg\" class=\"attachment-full size-full\" alt=\"Prof. Dr. Osman Turan vefat\u0131n\u0131n 47. Y\u0131l\u0131nda an\u0131ld\u0131 16\" title=\"Prof. Dr. Osman Turan vefat\u0131n\u0131n 47. Y\u0131l\u0131nda an\u0131ld\u0131 16\"><\/a><\/p>\n<p>PROF. DR. OSMAN TURAN\u2019\u2019IN ESERLER\u0130<\/p>\n<p>1.On \u0130ki Hayvanl\u0131 T\u00fcrk Takvimi (1941)<br \/>\n2.Sel\u00e7uklular Tarihi ve T\u00fcrk \u0130slam Medeniyeti (1965)<br \/>\n3.T\u00fcrk Cihan Hakimiyeti Mefkuresi Tarihi (iki cilt) (1969)<br \/>\n4.Do\u011fu Anadolu T\u00fcrk Devletleri Tarihi (1973)<br \/>\n5.Sel\u00e7uklular ve \u0130slamiyet (1971)<br \/>\n6.T\u00fcrkiye Sel\u00e7uklular\u0131 Hakk\u0131nda Resmi Vesikalar (1958)<br \/>\n7.Sel\u00e7uklular Zaman\u0131nda T\u00fcrkiye (1971)<br \/>\n8.T\u00fcrkiye\u00b4de Manevi Buhran Din ve Laiklik (1964)<br \/>\n9.T\u00fcrkiye\u00b4de Kom\u00fcnizmin Kaynaklar\u0131 (1965)<br \/>\n10.Vatanda Gurbet (1980)<br \/>\n11.T\u00fcrkiye\u00b4de Siyasi Buhran\u0131n Kaynaklar\u0131 (1980)<\/p>\n<p>\u00a0<\/p>\n<p>Bu icerik www.caykaragazetesi.com alintidir.<\/p>\n","protected":false},"excerpt":{"rendered":"<p>\u00dclkemizin en \u00f6nemli \u0130lim Adamlar\u0131ndan eski Trabzon Milletvekili \u00c7aykaral\u0131 hem\u015fehrimiz Prof. Dr. Osman Turan i\u00e7in vefat\u0131n\u0131n 47. y\u0131l\u0131nda Trabzon T\u00fcrk Oca\u011f\u0131 \u015eubesi taraf\u0131ndan anma program\u0131 d\u00fczenlendi. Trabzon T\u00fcrk Oca\u011f\u0131 Sacit Bostan konferans salonunda ger\u00e7ekle\u015fen anma program\u0131na KT\u00dc ve Trabzon \u00dcniversitelerinde g\u00f6rev yapan \u00f6\u011fretim \u00fcyeleri, sivil toplum g\u00f6revlileri, vatanda\u015flar ve \u00f6\u011frenciler kat\u0131ld\u0131. Programda konu\u015fan Karadeniz Teknik [&hellip;]<\/p>\n","protected":false},"author":2,"featured_media":2198,"comment_status":"closed","ping_status":"open","sticky":false,"template":"","format":"standard","meta":{"tdm_status":"","tdm_grid_status":"","footnotes":""},"categories":[40],"tags":[],"class_list":{"0":"post-2197","1":"post","2":"type-post","3":"status-publish","4":"format-standard","5":"has-post-thumbnail","7":"category-caykara"},"_links":{"self":[{"href":"https:\/\/zeleka.com\/index.php?rest_route=\/wp\/v2\/posts\/2197","targetHints":{"allow":["GET"]}}],"collection":[{"href":"https:\/\/zeleka.com\/index.php?rest_route=\/wp\/v2\/posts"}],"about":[{"href":"https:\/\/zeleka.com\/index.php?rest_route=\/wp\/v2\/types\/post"}],"author":[{"embeddable":true,"href":"https:\/\/zeleka.com\/index.php?rest_route=\/wp\/v2\/users\/2"}],"replies":[{"embeddable":true,"href":"https:\/\/zeleka.com\/index.php?rest_route=%2Fwp%2Fv2%2Fcomments&post=2197"}],"version-history":[{"count":0,"href":"https:\/\/zeleka.com\/index.php?rest_route=\/wp\/v2\/posts\/2197\/revisions"}],"wp:featuredmedia":[{"embeddable":true,"href":"https:\/\/zeleka.com\/index.php?rest_route=\/wp\/v2\/media\/2198"}],"wp:attachment":[{"href":"https:\/\/zeleka.com\/index.php?rest_route=%2Fwp%2Fv2%2Fmedia&parent=2197"}],"wp:term":[{"taxonomy":"category","embeddable":true,"href":"https:\/\/zeleka.com\/index.php?rest_route=%2Fwp%2Fv2%2Fcategories&post=2197"},{"taxonomy":"post_tag","embeddable":true,"href":"https:\/\/zeleka.com\/index.php?rest_route=%2Fwp%2Fv2%2Ftags&post=2197"}],"curies":[{"name":"wp","href":"https:\/\/api.w.org\/{rel}","templated":true}]}}