{"id":2195,"date":"2025-01-18T00:15:00","date_gmt":"2025-01-17T21:15:00","guid":{"rendered":"https:\/\/zeleka.com\/?p=2195"},"modified":"2025-01-18T00:15:00","modified_gmt":"2025-01-17T21:15:00","slug":"caykarada-karne-sevinci","status":"publish","type":"post","link":"https:\/\/zeleka.com\/?p=2195","title":{"rendered":"\u00c7aykara\u2019da karne sevinci!"},"content":{"rendered":"<p><img width=\"1024\" height=\"539\" src=\"https:\/\/www.caykaragazetesi.com\/wp-content\/uploads\/2025\/01\/caykarada-karne-sevinci-6.jpeg\" class=\"attachment-post-thumbnail size-post-thumbnail wp-post-image\" alt=\"\u00c7aykara\u2019da karne sevinci! 9\" decoding=\"async\" loading=\"lazy\" srcset=\"https:\/\/www.caykaragazetesi.com\/wp-content\/uploads\/2025\/01\/caykarada-karne-sevinci-6.jpeg 1024w, https:\/\/www.caykaragazetesi.com\/wp-content\/uploads\/2025\/01\/caykarada-karne-sevinci-6-768x404.jpeg 768w\" sizes=\"auto, (max-width: 1024px) 100vw, 1024px\" title=\"\u00c7aykara\u2019da karne sevinci! 9\"><\/p>\n<p>\u00c7aykara\u2019da Kaymakam G\u00fcrdal Erbek, Belediye Ba\u015fkan\u0131 Hanefi Tok ve \u0130l\u00e7e Milli E\u011fitim M\u00fcd\u00fcr\u00fc Ahmet \u00c7amurali karne t\u00f6renine kat\u0131ld\u0131. 2024-2025 e\u011fitim y\u0131l\u0131n\u0131n ilk yar\u0131s\u0131n\u0131n sona ermesiyle Zeki Bilge \u0130lkokulunda ger\u00e7ekle\u015ftirilen karne t\u00f6reninde \u00f6\u011frencilerin sevincine ortak oldular. Kaymakam G\u00fcrdal Erbek \u00f6\u011frenci ve \u00f6\u011fretmenleri tebrik ederek, \u00f6\u011frencilere yar\u0131y\u0131l tatilinde dinlenmelerini, kitap okumalar\u0131n\u0131 tavsiye etti. Heyet daha sonra \u00f6\u011frencilere karnelerini verdi.<\/p>\n<p><a href=\"https:\/\/www.caykaragazetesi.com\/egitim\/caykarada-karne-sevinci-71924\/attachment\/caykarada-karne-sevinci-6\/\"><img loading=\"lazy\" decoding=\"async\" width=\"1024\" height=\"539\" src=\"https:\/\/www.caykaragazetesi.com\/wp-content\/uploads\/2025\/01\/caykarada-karne-sevinci-6.jpeg\" class=\"attachment-full size-full\" alt=\"\u00c7aykara\u2019da karne sevinci! 2\" srcset=\"https:\/\/www.caykaragazetesi.com\/wp-content\/uploads\/2025\/01\/caykarada-karne-sevinci-6.jpeg 1024w, https:\/\/www.caykaragazetesi.com\/wp-content\/uploads\/2025\/01\/caykarada-karne-sevinci-6-768x404.jpeg 768w\" sizes=\"auto, (max-width: 1024px) 100vw, 1024px\" title=\"\u00c7aykara\u2019da karne sevinci! 2\"><\/a><br \/>\n<a href=\"https:\/\/www.caykaragazetesi.com\/egitim\/caykarada-karne-sevinci-71924\/attachment\/caykarada-karne-sevinci-5\/\"><img loading=\"lazy\" decoding=\"async\" width=\"1024\" height=\"473\" src=\"https:\/\/www.caykaragazetesi.com\/wp-content\/uploads\/2025\/01\/caykarada-karne-sevinci-5.jpeg\" class=\"attachment-full size-full\" alt=\"\u00c7aykara\u2019da karne sevinci! 3\" srcset=\"https:\/\/www.caykaragazetesi.com\/wp-content\/uploads\/2025\/01\/caykarada-karne-sevinci-5.jpeg 1024w, https:\/\/www.caykaragazetesi.com\/wp-content\/uploads\/2025\/01\/caykarada-karne-sevinci-5-768x355.jpeg 768w\" sizes=\"auto, (max-width: 1024px) 100vw, 1024px\" title=\"\u00c7aykara\u2019da karne sevinci! 3\"><\/a><br \/>\n<a href=\"https:\/\/www.caykaragazetesi.com\/egitim\/caykarada-karne-sevinci-71924\/attachment\/caykarada-karne-sevinci-4\/\"><img loading=\"lazy\" decoding=\"async\" width=\"676\" height=\"901\" src=\"https:\/\/www.caykaragazetesi.com\/wp-content\/uploads\/2025\/01\/caykarada-karne-sevinci-4.jpeg\" class=\"attachment-full size-full\" alt=\"\u00c7aykara\u2019da karne sevinci! 4\" title=\"\u00c7aykara\u2019da karne sevinci! 4\"><\/a><br \/>\n<a href=\"https:\/\/www.caykaragazetesi.com\/egitim\/caykarada-karne-sevinci-71924\/attachment\/caykarada-karne-sevinci-3\/\"><img loading=\"lazy\" decoding=\"async\" width=\"722\" height=\"963\" src=\"https:\/\/www.caykaragazetesi.com\/wp-content\/uploads\/2025\/01\/caykarada-karne-sevinci-3.jpeg\" class=\"attachment-full size-full\" alt=\"\u00c7aykara\u2019da karne sevinci! 5\" title=\"\u00c7aykara\u2019da karne sevinci! 5\"><\/a><br \/>\n<a href=\"https:\/\/www.caykaragazetesi.com\/egitim\/caykarada-karne-sevinci-71924\/attachment\/caykarada-karne-sevinci-2\/\"><img loading=\"lazy\" decoding=\"async\" width=\"608\" height=\"1024\" src=\"https:\/\/www.caykaragazetesi.com\/wp-content\/uploads\/2025\/01\/caykarada-karne-sevinci-2.jpeg\" class=\"attachment-full size-full\" alt=\"\u00c7aykara\u2019da karne sevinci! 6\" title=\"\u00c7aykara\u2019da karne sevinci! 6\"><\/a><br \/>\n<a href=\"https:\/\/www.caykaragazetesi.com\/egitim\/caykarada-karne-sevinci-71924\/attachment\/caykarada-karne-sevinci\/\"><img loading=\"lazy\" decoding=\"async\" width=\"1024\" height=\"768\" src=\"https:\/\/www.caykaragazetesi.com\/wp-content\/uploads\/2025\/01\/caykarada-karne-sevinci.jpeg\" class=\"attachment-full size-full\" alt=\"\u00c7aykara\u2019da karne sevinci! 7\" srcset=\"https:\/\/www.caykaragazetesi.com\/wp-content\/uploads\/2025\/01\/caykarada-karne-sevinci.jpeg 1024w, https:\/\/www.caykaragazetesi.com\/wp-content\/uploads\/2025\/01\/caykarada-karne-sevinci-768x576.jpeg 768w\" sizes=\"auto, (max-width: 1024px) 100vw, 1024px\" title=\"\u00c7aykara\u2019da karne sevinci! 7\"><\/a><br \/>\n<a href=\"https:\/\/www.caykaragazetesi.com\/egitim\/caykarada-karne-sevinci-71924\/attachment\/caykarada-karne-sevinci-7\/\"><img loading=\"lazy\" decoding=\"async\" width=\"1024\" height=\"473\" src=\"https:\/\/www.caykaragazetesi.com\/wp-content\/uploads\/2025\/01\/caykarada-karne-sevinci-7.jpeg\" class=\"attachment-full size-full\" alt=\"\u00c7aykara\u2019da karne sevinci! 8\" srcset=\"https:\/\/www.caykaragazetesi.com\/wp-content\/uploads\/2025\/01\/caykarada-karne-sevinci-7.jpeg 1024w, https:\/\/www.caykaragazetesi.com\/wp-content\/uploads\/2025\/01\/caykarada-karne-sevinci-7-768x355.jpeg 768w\" sizes=\"auto, (max-width: 1024px) 100vw, 1024px\" title=\"\u00c7aykara\u2019da karne sevinci! 8\"><\/a><br \/>Bu icerik www.caykaragazetesi.com alintidir.<\/p>\n","protected":false},"excerpt":{"rendered":"<p>\u00c7aykara\u2019da Kaymakam G\u00fcrdal Erbek, Belediye Ba\u015fkan\u0131 Hanefi Tok ve \u0130l\u00e7e Milli E\u011fitim M\u00fcd\u00fcr\u00fc Ahmet \u00c7amurali karne t\u00f6renine kat\u0131ld\u0131. 2024-2025 e\u011fitim y\u0131l\u0131n\u0131n ilk yar\u0131s\u0131n\u0131n sona ermesiyle Zeki Bilge \u0130lkokulunda ger\u00e7ekle\u015ftirilen karne t\u00f6reninde \u00f6\u011frencilerin sevincine ortak oldular. Kaymakam G\u00fcrdal Erbek \u00f6\u011frenci ve \u00f6\u011fretmenleri tebrik ederek, \u00f6\u011frencilere yar\u0131y\u0131l tatilinde dinlenmelerini, kitap okumalar\u0131n\u0131 tavsiye etti. Heyet daha sonra \u00f6\u011frencilere [&hellip;]<\/p>\n","protected":false},"author":2,"featured_media":2196,"comment_status":"closed","ping_status":"open","sticky":false,"template":"","format":"standard","meta":{"tdm_status":"","tdm_grid_status":"","footnotes":""},"categories":[40],"tags":[],"class_list":{"0":"post-2195","1":"post","2":"type-post","3":"status-publish","4":"format-standard","5":"has-post-thumbnail","7":"category-caykara"},"_links":{"self":[{"href":"https:\/\/zeleka.com\/index.php?rest_route=\/wp\/v2\/posts\/2195","targetHints":{"allow":["GET"]}}],"collection":[{"href":"https:\/\/zeleka.com\/index.php?rest_route=\/wp\/v2\/posts"}],"about":[{"href":"https:\/\/zeleka.com\/index.php?rest_route=\/wp\/v2\/types\/post"}],"author":[{"embeddable":true,"href":"https:\/\/zeleka.com\/index.php?rest_route=\/wp\/v2\/users\/2"}],"replies":[{"embeddable":true,"href":"https:\/\/zeleka.com\/index.php?rest_route=%2Fwp%2Fv2%2Fcomments&post=2195"}],"version-history":[{"count":0,"href":"https:\/\/zeleka.com\/index.php?rest_route=\/wp\/v2\/posts\/2195\/revisions"}],"wp:featuredmedia":[{"embeddable":true,"href":"https:\/\/zeleka.com\/index.php?rest_route=\/wp\/v2\/media\/2196"}],"wp:attachment":[{"href":"https:\/\/zeleka.com\/index.php?rest_route=%2Fwp%2Fv2%2Fmedia&parent=2195"}],"wp:term":[{"taxonomy":"category","embeddable":true,"href":"https:\/\/zeleka.com\/index.php?rest_route=%2Fwp%2Fv2%2Fcategories&post=2195"},{"taxonomy":"post_tag","embeddable":true,"href":"https:\/\/zeleka.com\/index.php?rest_route=%2Fwp%2Fv2%2Ftags&post=2195"}],"curies":[{"name":"wp","href":"https:\/\/api.w.org\/{rel}","templated":true}]}}