{"id":2191,"date":"2025-01-16T22:02:00","date_gmt":"2025-01-16T19:02:00","guid":{"rendered":"https:\/\/zeleka.com\/?p=2191"},"modified":"2025-01-16T22:02:00","modified_gmt":"2025-01-16T19:02:00","slug":"ktu-farabi-hastanesinde-el-sanatlari-sergisi-acildi","status":"publish","type":"post","link":"https:\/\/zeleka.com\/?p=2191","title":{"rendered":"KT\u00dc Farabi Hastanesinde El sanatlar\u0131 sergisi a\u00e7\u0131ld\u0131"},"content":{"rendered":"<p><img width=\"1024\" height=\"614\" src=\"https:\/\/www.caykaragazetesi.com\/wp-content\/uploads\/2025\/01\/ktu-farabi-hastanesinde-el-sanatlari-sergisi-acildi-5.jpg\" class=\"attachment-post-thumbnail size-post-thumbnail wp-post-image\" alt=\"KT\u00dc Farabi Hastanesinde El sanatlar\u0131 sergisi a\u00e7\u0131ld\u0131 7\" decoding=\"async\" loading=\"lazy\" srcset=\"https:\/\/www.caykaragazetesi.com\/wp-content\/uploads\/2025\/01\/ktu-farabi-hastanesinde-el-sanatlari-sergisi-acildi-5.jpg 1024w, https:\/\/www.caykaragazetesi.com\/wp-content\/uploads\/2025\/01\/ktu-farabi-hastanesinde-el-sanatlari-sergisi-acildi-5-768x461.jpg 768w\" sizes=\"auto, (max-width: 1024px) 100vw, 1024px\" title=\"KT\u00dc Farabi Hastanesinde El sanatlar\u0131 sergisi a\u00e7\u0131ld\u0131 7\"><\/p>\n<p>KT\u00dc Farabi Hastanesi Psikiyatri Klini\u011finin Geleneksel El Sanatlar\u0131 Sergisi A\u00e7\u0131ld\u0131<\/p>\n<p>KT\u00dc Farabi Hastanesi Psikiyatri Klini\u011fi taraf\u0131ndan her y\u0131l d\u00fczenlenen \u201cEl Sanatlar\u0131 Sergisi\u201d 15 Ocak 2025 \u00c7ar\u015famba g\u00fcn\u00fc Farabi Hastanesi A blok giri\u015finde a\u00e7\u0131ld\u0131. Sergide, psikiyatri hastalar\u0131 ve halk e\u011fitim \u00f6\u011fretmenlerinin e\u015fli\u011finde haz\u0131rlanan el sanatlar\u0131 sergilendi.<\/p>\n<p>Sergide, Dekan Sevdeg\u00fcl Ayd\u0131n,KT\u00dc Ba\u015fhekimi\u00a0 Celal Tekinba\u015f, Ba\u015fhekim yard\u0131mc\u0131s\u0131 Abd\u00fclkadir G\u00fcnd\u00fcz, Ba\u015fhekim yard\u0131mc\u0131s\u0131 Zeynep G\u00f6k\u00e7e Gayretli Ayd\u0131n, \u00dcmit \u00c7obano\u011flu, Ba\u015fm\u00fcd\u00fcr \u0130brahim K\u00fc\u00e7\u00fck. M\u00fcd\u00fcr yard\u0131mc\u0131s\u0131 Zehra Durgun, M\u00fcd\u00fcr yard\u0131mc\u0131s\u0131 Orhan \u0130skender, M\u00fcd\u00fcr yard\u0131mc\u0131s\u0131 Erkan Kantekin, \u00a0psikiyatri b\u00f6l\u00fcm hocalar\u0131, sa\u011fl\u0131k \u00e7al\u0131\u015fanlar\u0131 hastalar ve yak\u0131nlar\u0131 kat\u0131ld\u0131.<\/p>\n<p>.<\/p>\n<p><a href=\"https:\/\/www.caykaragazetesi.com\/saglik\/ktu-farabi-hastanesinde-el-sanatlari-sergisi-acildi-71898\/attachment\/ktu-farabi-hastanesinde-el-sanatlari-sergisi-acildi-2\/\"><img loading=\"lazy\" decoding=\"async\" width=\"1024\" height=\"614\" src=\"https:\/\/www.caykaragazetesi.com\/wp-content\/uploads\/2025\/01\/ktu-farabi-hastanesinde-el-sanatlari-sergisi-acildi-2.jpg\" class=\"attachment-full size-full\" alt=\"KT\u00dc Farabi Hastanesinde El sanatlar\u0131 sergisi a\u00e7\u0131ld\u0131 2\" srcset=\"https:\/\/www.caykaragazetesi.com\/wp-content\/uploads\/2025\/01\/ktu-farabi-hastanesinde-el-sanatlari-sergisi-acildi-2.jpg 1024w, https:\/\/www.caykaragazetesi.com\/wp-content\/uploads\/2025\/01\/ktu-farabi-hastanesinde-el-sanatlari-sergisi-acildi-2-768x461.jpg 768w\" sizes=\"auto, (max-width: 1024px) 100vw, 1024px\" title=\"KT\u00dc Farabi Hastanesinde El sanatlar\u0131 sergisi a\u00e7\u0131ld\u0131 2\"><\/a><br \/>\n<a href=\"https:\/\/www.caykaragazetesi.com\/saglik\/ktu-farabi-hastanesinde-el-sanatlari-sergisi-acildi-71898\/attachment\/ktu-farabi-hastanesinde-el-sanatlari-sergisi-acildi\/\"><img loading=\"lazy\" decoding=\"async\" width=\"1024\" height=\"614\" src=\"https:\/\/www.caykaragazetesi.com\/wp-content\/uploads\/2025\/01\/ktu-farabi-hastanesinde-el-sanatlari-sergisi-acildi.jpg\" class=\"attachment-full size-full\" alt=\"KT\u00dc Farabi Hastanesinde El sanatlar\u0131 sergisi a\u00e7\u0131ld\u0131 3\" srcset=\"https:\/\/www.caykaragazetesi.com\/wp-content\/uploads\/2025\/01\/ktu-farabi-hastanesinde-el-sanatlari-sergisi-acildi.jpg 1024w, https:\/\/www.caykaragazetesi.com\/wp-content\/uploads\/2025\/01\/ktu-farabi-hastanesinde-el-sanatlari-sergisi-acildi-768x461.jpg 768w\" sizes=\"auto, (max-width: 1024px) 100vw, 1024px\" title=\"KT\u00dc Farabi Hastanesinde El sanatlar\u0131 sergisi a\u00e7\u0131ld\u0131 3\"><\/a><br \/>\n<a href=\"https:\/\/www.caykaragazetesi.com\/saglik\/ktu-farabi-hastanesinde-el-sanatlari-sergisi-acildi-71898\/attachment\/ktu-farabi-hastanesinde-el-sanatlari-sergisi-acildi-4\/\"><img loading=\"lazy\" decoding=\"async\" width=\"1024\" height=\"614\" src=\"https:\/\/www.caykaragazetesi.com\/wp-content\/uploads\/2025\/01\/ktu-farabi-hastanesinde-el-sanatlari-sergisi-acildi-4.jpg\" class=\"attachment-full size-full\" alt=\"KT\u00dc Farabi Hastanesinde El sanatlar\u0131 sergisi a\u00e7\u0131ld\u0131 4\" srcset=\"https:\/\/www.caykaragazetesi.com\/wp-content\/uploads\/2025\/01\/ktu-farabi-hastanesinde-el-sanatlari-sergisi-acildi-4.jpg 1024w, https:\/\/www.caykaragazetesi.com\/wp-content\/uploads\/2025\/01\/ktu-farabi-hastanesinde-el-sanatlari-sergisi-acildi-4-768x461.jpg 768w\" sizes=\"auto, (max-width: 1024px) 100vw, 1024px\" title=\"KT\u00dc Farabi Hastanesinde El sanatlar\u0131 sergisi a\u00e7\u0131ld\u0131 4\"><\/a><br \/>\n<a href=\"https:\/\/www.caykaragazetesi.com\/saglik\/ktu-farabi-hastanesinde-el-sanatlari-sergisi-acildi-71898\/attachment\/ktu-farabi-hastanesinde-el-sanatlari-sergisi-acildi-3\/\"><img loading=\"lazy\" decoding=\"async\" width=\"1024\" height=\"614\" src=\"https:\/\/www.caykaragazetesi.com\/wp-content\/uploads\/2025\/01\/ktu-farabi-hastanesinde-el-sanatlari-sergisi-acildi-3.jpg\" class=\"attachment-full size-full\" alt=\"KT\u00dc Farabi Hastanesinde El sanatlar\u0131 sergisi a\u00e7\u0131ld\u0131 5\" srcset=\"https:\/\/www.caykaragazetesi.com\/wp-content\/uploads\/2025\/01\/ktu-farabi-hastanesinde-el-sanatlari-sergisi-acildi-3.jpg 1024w, https:\/\/www.caykaragazetesi.com\/wp-content\/uploads\/2025\/01\/ktu-farabi-hastanesinde-el-sanatlari-sergisi-acildi-3-768x461.jpg 768w\" sizes=\"auto, (max-width: 1024px) 100vw, 1024px\" title=\"KT\u00dc Farabi Hastanesinde El sanatlar\u0131 sergisi a\u00e7\u0131ld\u0131 5\"><\/a><br \/>\n<a href=\"https:\/\/www.caykaragazetesi.com\/saglik\/ktu-farabi-hastanesinde-el-sanatlari-sergisi-acildi-71898\/attachment\/ktu-farabi-hastanesinde-el-sanatlari-sergisi-acildi-5\/\"><img loading=\"lazy\" decoding=\"async\" width=\"1024\" height=\"614\" src=\"https:\/\/www.caykaragazetesi.com\/wp-content\/uploads\/2025\/01\/ktu-farabi-hastanesinde-el-sanatlari-sergisi-acildi-5.jpg\" class=\"attachment-full size-full\" alt=\"KT\u00dc Farabi Hastanesinde El sanatlar\u0131 sergisi a\u00e7\u0131ld\u0131 6\" srcset=\"https:\/\/www.caykaragazetesi.com\/wp-content\/uploads\/2025\/01\/ktu-farabi-hastanesinde-el-sanatlari-sergisi-acildi-5.jpg 1024w, https:\/\/www.caykaragazetesi.com\/wp-content\/uploads\/2025\/01\/ktu-farabi-hastanesinde-el-sanatlari-sergisi-acildi-5-768x461.jpg 768w\" sizes=\"auto, (max-width: 1024px) 100vw, 1024px\" title=\"KT\u00dc Farabi Hastanesinde El sanatlar\u0131 sergisi a\u00e7\u0131ld\u0131 6\"><\/a><br \/>Bu icerik www.caykaragazetesi.com alintidir.<\/p>\n","protected":false},"excerpt":{"rendered":"<p>KT\u00dc Farabi Hastanesi Psikiyatri Klini\u011finin Geleneksel El Sanatlar\u0131 Sergisi A\u00e7\u0131ld\u0131 KT\u00dc Farabi Hastanesi Psikiyatri Klini\u011fi taraf\u0131ndan her y\u0131l d\u00fczenlenen \u201cEl Sanatlar\u0131 Sergisi\u201d 15 Ocak 2025 \u00c7ar\u015famba g\u00fcn\u00fc Farabi Hastanesi A blok giri\u015finde a\u00e7\u0131ld\u0131. Sergide, psikiyatri hastalar\u0131 ve halk e\u011fitim \u00f6\u011fretmenlerinin e\u015fli\u011finde haz\u0131rlanan el sanatlar\u0131 sergilendi. Sergide, Dekan Sevdeg\u00fcl Ayd\u0131n,KT\u00dc Ba\u015fhekimi\u00a0 Celal Tekinba\u015f, Ba\u015fhekim yard\u0131mc\u0131s\u0131 Abd\u00fclkadir [&hellip;]<\/p>\n","protected":false},"author":3,"featured_media":2192,"comment_status":"closed","ping_status":"open","sticky":false,"template":"","format":"standard","meta":{"tdm_status":"","tdm_grid_status":"","footnotes":""},"categories":[40],"tags":[],"class_list":{"0":"post-2191","1":"post","2":"type-post","3":"status-publish","4":"format-standard","5":"has-post-thumbnail","7":"category-caykara"},"_links":{"self":[{"href":"https:\/\/zeleka.com\/index.php?rest_route=\/wp\/v2\/posts\/2191","targetHints":{"allow":["GET"]}}],"collection":[{"href":"https:\/\/zeleka.com\/index.php?rest_route=\/wp\/v2\/posts"}],"about":[{"href":"https:\/\/zeleka.com\/index.php?rest_route=\/wp\/v2\/types\/post"}],"author":[{"embeddable":true,"href":"https:\/\/zeleka.com\/index.php?rest_route=\/wp\/v2\/users\/3"}],"replies":[{"embeddable":true,"href":"https:\/\/zeleka.com\/index.php?rest_route=%2Fwp%2Fv2%2Fcomments&post=2191"}],"version-history":[{"count":0,"href":"https:\/\/zeleka.com\/index.php?rest_route=\/wp\/v2\/posts\/2191\/revisions"}],"wp:featuredmedia":[{"embeddable":true,"href":"https:\/\/zeleka.com\/index.php?rest_route=\/wp\/v2\/media\/2192"}],"wp:attachment":[{"href":"https:\/\/zeleka.com\/index.php?rest_route=%2Fwp%2Fv2%2Fmedia&parent=2191"}],"wp:term":[{"taxonomy":"category","embeddable":true,"href":"https:\/\/zeleka.com\/index.php?rest_route=%2Fwp%2Fv2%2Fcategories&post=2191"},{"taxonomy":"post_tag","embeddable":true,"href":"https:\/\/zeleka.com\/index.php?rest_route=%2Fwp%2Fv2%2Ftags&post=2191"}],"curies":[{"name":"wp","href":"https:\/\/api.w.org\/{rel}","templated":true}]}}