{"id":2189,"date":"2025-01-17T00:19:00","date_gmt":"2025-01-16T21:19:00","guid":{"rendered":"https:\/\/zeleka.com\/?p=2189"},"modified":"2025-01-17T00:19:00","modified_gmt":"2025-01-16T21:19:00","slug":"guzel-insan","status":"publish","type":"post","link":"https:\/\/zeleka.com\/?p=2189","title":{"rendered":"G\u00fczel \u0130nsan"},"content":{"rendered":"<p>Altm\u0131\u015f y\u0131l\u0131n\u0131 bilirim \u00c7aykara\u2019n\u0131n. Otuz y\u0131l\u0131n\u0131 kamu g\u00f6revlisi olarak hizmetle ge\u00e7irdim. \u00c7ok insanlarla kar\u015f\u0131la\u015ft\u0131m, \u00fclkenin de\u011fi\u015fik b\u00f6lgelerinden memur olarak gelen insanlarla arkada\u015fl\u0131k yapt\u0131m. \u00c7ok fazla, m\u00fcd\u00fcr ve kaymakamla mesai arkada\u015f\u0131 oldum.<\/p>\n<p>Kaymakamlar g\u00f6rev yapt\u0131\u011f\u0131 il\u00e7enin idari y\u00f6nden amiridir. Sorumluluklar\u0131 \u00e7ok fazlad\u0131r. \u0130l\u00e7enin t\u00fcm meselelerine \u00e7\u00f6z\u00fcm bulmak zorundad\u0131rlar. Bunca yo\u011fun i\u015flerinin yan\u0131nda zaman bulduk\u00e7a il\u00e7e halk\u0131 ile de ili\u015fki kurarak sosyal y\u00f6nden kendilerini ispatlamak y\u00fck\u00fcml\u00fcl\u00fckleri vard\u0131r<\/p>\n<p>Ayr\u0131ca kaymakamlar g\u00f6revlerine \u00e7ok gen\u00e7 ya\u015fta ba\u015fl\u0131yorlar. \u00d6yle daha delikanl\u0131l\u0131k \u00e7a\u011f\u0131nda bir il\u00e7eye amir olarak atanmak, nefis yapmadan adil bir amir olmak kolay olmamas\u0131 gerek. G\u00f6rev s\u00fcresince bir defa kurumlar\u0131 gezmeyen, \u00e7ar\u015f\u0131 esnaf\u0131n\u0131n dertlerini dinlemeyen, siyasilerin emrinden \u00e7\u0131kmayan ve onlar\u0131n taleplerini yerine getirmekle kendini g\u00f6revli hisseden \u00e7ok kaymakam tan\u0131d\u0131m.<\/p>\n<p>Son olarak Ekim 2023 tarihinde il\u00e7emize gelen ve g\u00f6rev s\u00fcresini doldurup ayr\u0131l\u0131\u015f haz\u0131rl\u0131klar yapan bir Kaymakam\u0131, G\u00fcrdal ERBEK\u2019i tan\u0131d\u0131 \u00c7aykaral\u0131lar<\/p>\n<p>Adam gibi adam as\u0131l ve soylu<br \/>\nEsmer delikanl\u0131 \u00e7ok uzun boylu<br \/>\nHem kibar, hem naif hem iyi huylu<br \/>\nGeldin gidiyorsun en g\u00fczel insan.<\/p>\n<p>Kibir yok, gurur yok s\u0131radan biri<br \/>\nG\u00f6revinde mahir, i\u015fleri seri<br \/>\nKarnesi g\u00fczel, y\u00fcksekte yeri<br \/>\nHer \u015feye lay\u0131ks\u0131n ey g\u00fczel insan<\/p>\n<p>G\u00f6rd\u00fc\u011f\u00fc herkese hal hat\u0131r soran<br \/>\nEsnafla oturup, g\u00fczel ba\u011f kuran<br \/>\nEksi\u011fi, yanl\u0131\u015f\u0131 g\u00f6r\u00fcp uyaran<br \/>\nG\u00f6nl\u00fcm\u00fcz\u00fc \u00e7ald\u0131n ey g\u00fczel insan<\/p>\n<p>K\u00fc\u00e7\u00fck g\u00f6rme bizi budur ricam\u0131z<br \/>\nN\u00fcfuzumuz y\u00fcksek \u00e7oktur amcam\u0131z<br \/>\nHer yere uzan\u0131r \u00e7elik kancam\u0131z<br \/>\nSizi de not ettik ey g\u00fczel insan<\/p>\n<p>A\u011fao\u011flu az yaz, lakin \u00f6z olsun<br \/>\nSa\u011fl\u0131kl\u0131 bir \u00f6m\u00fcr, bir as\u0131r olsun.<br \/>\nHakk\u0131m\u0131z helaldir, bu son s\u00f6z olsun<br \/>\nG\u00fcle g\u00fcle git\u00a0 sen, ey g\u00fczel insan.<\/p>\n<p>Mehmet \u0130BRAH\u0130MA\u011eAO\u011eLU<\/p>\n<p>Bu icerik www.caykaragazetesi.com alintidir.<\/p>\n","protected":false},"excerpt":{"rendered":"<p>Altm\u0131\u015f y\u0131l\u0131n\u0131 bilirim \u00c7aykara\u2019n\u0131n. Otuz y\u0131l\u0131n\u0131 kamu g\u00f6revlisi olarak hizmetle ge\u00e7irdim. \u00c7ok insanlarla kar\u015f\u0131la\u015ft\u0131m, \u00fclkenin de\u011fi\u015fik b\u00f6lgelerinden memur olarak gelen insanlarla arkada\u015fl\u0131k yapt\u0131m. \u00c7ok fazla, m\u00fcd\u00fcr ve kaymakamla mesai arkada\u015f\u0131 oldum. Kaymakamlar g\u00f6rev yapt\u0131\u011f\u0131 il\u00e7enin idari y\u00f6nden amiridir. Sorumluluklar\u0131 \u00e7ok fazlad\u0131r. \u0130l\u00e7enin t\u00fcm meselelerine \u00e7\u00f6z\u00fcm bulmak zorundad\u0131rlar. Bunca yo\u011fun i\u015flerinin yan\u0131nda zaman bulduk\u00e7a il\u00e7e halk\u0131 [&hellip;]<\/p>\n","protected":false},"author":7,"featured_media":2190,"comment_status":"closed","ping_status":"open","sticky":false,"template":"","format":"standard","meta":{"tdm_status":"","tdm_grid_status":"","footnotes":""},"categories":[40],"tags":[],"class_list":{"0":"post-2189","1":"post","2":"type-post","3":"status-publish","4":"format-standard","5":"has-post-thumbnail","7":"category-caykara"},"_links":{"self":[{"href":"https:\/\/zeleka.com\/index.php?rest_route=\/wp\/v2\/posts\/2189","targetHints":{"allow":["GET"]}}],"collection":[{"href":"https:\/\/zeleka.com\/index.php?rest_route=\/wp\/v2\/posts"}],"about":[{"href":"https:\/\/zeleka.com\/index.php?rest_route=\/wp\/v2\/types\/post"}],"author":[{"embeddable":true,"href":"https:\/\/zeleka.com\/index.php?rest_route=\/wp\/v2\/users\/7"}],"replies":[{"embeddable":true,"href":"https:\/\/zeleka.com\/index.php?rest_route=%2Fwp%2Fv2%2Fcomments&post=2189"}],"version-history":[{"count":0,"href":"https:\/\/zeleka.com\/index.php?rest_route=\/wp\/v2\/posts\/2189\/revisions"}],"wp:featuredmedia":[{"embeddable":true,"href":"https:\/\/zeleka.com\/index.php?rest_route=\/wp\/v2\/media\/2190"}],"wp:attachment":[{"href":"https:\/\/zeleka.com\/index.php?rest_route=%2Fwp%2Fv2%2Fmedia&parent=2189"}],"wp:term":[{"taxonomy":"category","embeddable":true,"href":"https:\/\/zeleka.com\/index.php?rest_route=%2Fwp%2Fv2%2Fcategories&post=2189"},{"taxonomy":"post_tag","embeddable":true,"href":"https:\/\/zeleka.com\/index.php?rest_route=%2Fwp%2Fv2%2Ftags&post=2189"}],"curies":[{"name":"wp","href":"https:\/\/api.w.org\/{rel}","templated":true}]}}