{"id":1392,"date":"2025-01-14T12:51:00","date_gmt":"2025-01-14T09:51:00","guid":{"rendered":"https:\/\/zeleka.com\/?p=1392"},"modified":"2025-01-14T12:51:00","modified_gmt":"2025-01-14T09:51:00","slug":"sahinkaya-mahallesinden-lutfiye-kamaoglu-vefat-etti","status":"publish","type":"post","link":"https:\/\/zeleka.com\/?p=1392","title":{"rendered":"\u015eahinkaya Mahallesinden L\u00fctfiye Kamao\u011flu vefat etti"},"content":{"rendered":"<p><img width=\"1024\" height=\"614\" src=\"https:\/\/www.caykaragazetesi.com\/wp-content\/uploads\/2025\/01\/sahinkaya-mahallesinden-lutfiye-kamaoglu-vefat-etti.jpg\" class=\"attachment-post-thumbnail size-post-thumbnail wp-post-image\" alt=\"\u015eahinkaya Mahallesinden L\u00fctfiye Kamao\u011flu vefat etti 16\" decoding=\"async\" loading=\"lazy\" srcset=\"https:\/\/www.caykaragazetesi.com\/wp-content\/uploads\/2025\/01\/sahinkaya-mahallesinden-lutfiye-kamaoglu-vefat-etti.jpg 1024w, https:\/\/www.caykaragazetesi.com\/wp-content\/uploads\/2025\/01\/sahinkaya-mahallesinden-lutfiye-kamaoglu-vefat-etti-768x461.jpg 768w\" sizes=\"auto, (max-width: 1024px) 100vw, 1024px\" title=\"\u015eahinkaya Mahallesinden L\u00fctfiye Kamao\u011flu vefat etti 16\"><\/p>\n<p>\u0130l\u00e7emiz \u015eahinkaya Mahallesinden Muhammet Kamao\u011flu\u2019nun e\u015fi ve sanat\u00e7\u0131 Onay \u015eahin\u2019in anneannesi L\u00fcffiye Kamao\u011flu hayat\u0131n\u0131 kaybetti<\/p>\n<p>Merhume <strong>L\u00fctfiye Kamao\u011flu\u2019nun cenazesi 14 Ocak 2025 Sal\u0131 g\u00fcn\u00fc \u00c7aykara Hurmal\u0131k Camii\u2019nde ikindi namaz\u0131<\/strong> m\u00fcteakiben k\u0131l\u0131nacak cenaze namaz\u0131 ard\u0131ndan \u015eahinkaya aile kabristanl\u0131\u011f\u0131na son yolculu\u011funa u\u011furlanacak.<\/p>\n<p><strong>\u0130LET\u0130\u015e\u0130M:<\/strong><\/p>\n<p>O\u011fulu Mehmet Sad\u0131k <strong>0533 374 66 87<\/strong><\/p>\n<p>O\u011flu: Mustafa <strong>0535 955 98 17<\/strong><\/p>\n<p>O\u011flu: Sezgin <strong>0539 872 36 30<\/strong><\/p>\n<p>\u00c7aykara Gazetesi olarak merhumeye Allah\u2019tan rahmet ailesine sevenlerine sab\u0131r diliyoruz.<\/p>\n<p>Bu icerik www.caykaragazetesi.com alintidir.<\/p>\n","protected":false},"excerpt":{"rendered":"<p>\u0130l\u00e7emiz \u015eahinkaya Mahallesinden Muhammet Kamao\u011flu\u2019nun e\u015fi ve sanat\u00e7\u0131 Onay \u015eahin\u2019in anneannesi L\u00fcffiye Kamao\u011flu hayat\u0131n\u0131 kaybetti Merhume L\u00fctfiye Kamao\u011flu\u2019nun cenazesi 14 Ocak 2025 Sal\u0131 g\u00fcn\u00fc \u00c7aykara Hurmal\u0131k Camii\u2019nde ikindi namaz\u0131 m\u00fcteakiben k\u0131l\u0131nacak cenaze namaz\u0131 ard\u0131ndan \u015eahinkaya aile kabristanl\u0131\u011f\u0131na son yolculu\u011funa u\u011furlanacak. \u0130LET\u0130\u015e\u0130M: O\u011fulu Mehmet Sad\u0131k 0533 374 66 87 O\u011flu: Mustafa 0535 955 98 17 O\u011flu: [&hellip;]<\/p>\n","protected":false},"author":3,"featured_media":1393,"comment_status":"closed","ping_status":"open","sticky":false,"template":"","format":"standard","meta":{"tdm_status":"","tdm_grid_status":"","footnotes":""},"categories":[40],"tags":[],"class_list":{"0":"post-1392","1":"post","2":"type-post","3":"status-publish","4":"format-standard","5":"has-post-thumbnail","7":"category-caykara"},"_links":{"self":[{"href":"https:\/\/zeleka.com\/index.php?rest_route=\/wp\/v2\/posts\/1392","targetHints":{"allow":["GET"]}}],"collection":[{"href":"https:\/\/zeleka.com\/index.php?rest_route=\/wp\/v2\/posts"}],"about":[{"href":"https:\/\/zeleka.com\/index.php?rest_route=\/wp\/v2\/types\/post"}],"author":[{"embeddable":true,"href":"https:\/\/zeleka.com\/index.php?rest_route=\/wp\/v2\/users\/3"}],"replies":[{"embeddable":true,"href":"https:\/\/zeleka.com\/index.php?rest_route=%2Fwp%2Fv2%2Fcomments&post=1392"}],"version-history":[{"count":0,"href":"https:\/\/zeleka.com\/index.php?rest_route=\/wp\/v2\/posts\/1392\/revisions"}],"wp:featuredmedia":[{"embeddable":true,"href":"https:\/\/zeleka.com\/index.php?rest_route=\/wp\/v2\/media\/1393"}],"wp:attachment":[{"href":"https:\/\/zeleka.com\/index.php?rest_route=%2Fwp%2Fv2%2Fmedia&parent=1392"}],"wp:term":[{"taxonomy":"category","embeddable":true,"href":"https:\/\/zeleka.com\/index.php?rest_route=%2Fwp%2Fv2%2Fcategories&post=1392"},{"taxonomy":"post_tag","embeddable":true,"href":"https:\/\/zeleka.com\/index.php?rest_route=%2Fwp%2Fv2%2Ftags&post=1392"}],"curies":[{"name":"wp","href":"https:\/\/api.w.org\/{rel}","templated":true}]}}