{"id":1353,"date":"2025-01-13T18:51:00","date_gmt":"2025-01-13T15:51:00","guid":{"rendered":"https:\/\/zeleka.com\/?p=1353"},"modified":"2025-01-13T18:51:00","modified_gmt":"2025-01-13T15:51:00","slug":"caykarada-smalilar-icin-kermes","status":"publish","type":"post","link":"https:\/\/zeleka.com\/?p=1353","title":{"rendered":"\u00c7aykara\u2019da SMA\u2019l\u0131lar i\u00e7in kermes!"},"content":{"rendered":"<p><img width=\"1024\" height=\"576\" src=\"https:\/\/www.caykaragazetesi.com\/wp-content\/uploads\/2025\/01\/caykarada-smalilar-icin-kermes-4.jpeg\" class=\"attachment-post-thumbnail size-post-thumbnail wp-post-image\" alt=\"\u00c7aykara\u2019da SMA\u2019l\u0131lar i\u00e7in kermes! 16\" decoding=\"async\" loading=\"lazy\" srcset=\"https:\/\/www.caykaragazetesi.com\/wp-content\/uploads\/2025\/01\/caykarada-smalilar-icin-kermes-4.jpeg 1024w, https:\/\/www.caykaragazetesi.com\/wp-content\/uploads\/2025\/01\/caykarada-smalilar-icin-kermes-4-768x432.jpeg 768w\" sizes=\"auto, (max-width: 1024px) 100vw, 1024px\" title=\"\u00c7aykara\u2019da SMA\u2019l\u0131lar i\u00e7in kermes! 16\"><\/p>\n<p>\u00c7aykara Kaymakam\u0131 G\u00fcrdal Erbek ve e\u015fi \u00c7isem Erbek \u00c7aykara Anadolu Lisesi \u00f6\u011frencileri taraf\u0131ndan d\u00fczenlenen SMA hastas\u0131 \u00e7ocuklar i\u00e7in yard\u0131m kermesine kat\u0131ld\u0131. Kermes\u2019e Belediye Ba\u015fkan\u0131 Hanefi Tok da destek vererek kat\u0131ld\u0131. Etkinli\u011fe, \u00f6\u011frenciler, veliler, devlet memurlar\u0131 ve \u00c7aykara\u2019dan halk kat\u0131ld\u0131.<\/p>\n<p>Kaymakam Erbek ve Belediye ba\u015fkan\u0131 Hanefi Tok, kermesin haz\u0131rlanmas\u0131nda eme\u011fi bulunan idarecilere, \u00f6\u011fretmenlere ve \u00f6\u011frencilere te\u015fekk\u00fcr ettiler.<\/p>\n<p>Kermes\u2019te \u00c7aykara Belediyesi taraf\u0131ndan sa\u011flanan bal\u0131k ekmekler \u0131zgara yap\u0131larak sat\u0131ld\u0131. Ayr\u0131ca \u00f6\u011frenci velilerinin \u00fcr\u00fcnleri de SMA hastalar\u0131 i\u00e7in sat\u0131\u015fa sunuldu. \u00c7aykara Milli E\u011fitim M\u00fcd\u00fcr\u00fc Ahmet \u00c7amurali kermesten elde edilen t\u00fcm gelirin SMA hastalar\u0131na gidece\u011fini ifade ederek; \u201c\u00f6\u011frenci ve velilerimizle SMA hastal\u0131\u011f\u0131 konusunda fark\u0131ndal\u0131k olu\u015fturmak ve onlara destek sa\u011flamak i\u00e7in ger\u00e7ekle\u015ftirdi\u011fimiz bu etkinlikte eme\u011fi ge\u00e7en herkese te\u015fekk\u00fcr ediyorum. Say\u0131n kaymakam\u0131m\u0131z ve belediye ba\u015fkan\u0131m\u0131za da destekleri i\u00e7in \u00f6zellikle te\u015fekk\u00fcr ediyorum\u201d dedi. \u00c7amurali, bu t\u00fcr fark\u0131ndal\u0131k etkinliklerine zaman zaman devam edeceklerini s\u00f6zlerine ekledi.<\/p>\n<p><a href=\"https:\/\/www.caykaragazetesi.com\/caykara-haberleri\/caykarada-smalilar-icin-kermes-71790\/attachment\/caykarada-smalilar-icin-kermes-3\/\"><img loading=\"lazy\" decoding=\"async\" width=\"1024\" height=\"575\" src=\"https:\/\/www.caykaragazetesi.com\/wp-content\/uploads\/2025\/01\/caykarada-smalilar-icin-kermes-3.jpeg\" class=\"attachment-full size-full\" alt=\"\u00c7aykara\u2019da SMA\u2019l\u0131lar i\u00e7in kermes! 12\" srcset=\"https:\/\/www.caykaragazetesi.com\/wp-content\/uploads\/2025\/01\/caykarada-smalilar-icin-kermes-3.jpeg 1024w, https:\/\/www.caykaragazetesi.com\/wp-content\/uploads\/2025\/01\/caykarada-smalilar-icin-kermes-3-768x431.jpeg 768w\" sizes=\"auto, (max-width: 1024px) 100vw, 1024px\" title=\"\u00c7aykara\u2019da SMA\u2019l\u0131lar i\u00e7in kermes! 12\"><\/a><br \/>\n<a href=\"https:\/\/www.caykaragazetesi.com\/caykara-haberleri\/caykarada-smalilar-icin-kermes-71790\/attachment\/caykarada-smalilar-icin-kermes-2-2\/\"><img loading=\"lazy\" decoding=\"async\" width=\"1024\" height=\"765\" src=\"https:\/\/www.caykaragazetesi.com\/wp-content\/uploads\/2025\/01\/caykarada-smalilar-icin-kermes-2.jpeg\" class=\"attachment-full size-full\" alt=\"\u00c7aykara\u2019da SMA\u2019l\u0131lar i\u00e7in kermes! 13\" srcset=\"https:\/\/www.caykaragazetesi.com\/wp-content\/uploads\/2025\/01\/caykarada-smalilar-icin-kermes-2.jpeg 1024w, https:\/\/www.caykaragazetesi.com\/wp-content\/uploads\/2025\/01\/caykarada-smalilar-icin-kermes-2-768x574.jpeg 768w\" sizes=\"auto, (max-width: 1024px) 100vw, 1024px\" title=\"\u00c7aykara\u2019da SMA\u2019l\u0131lar i\u00e7in kermes! 13\"><\/a><br \/>\n<a href=\"https:\/\/www.caykaragazetesi.com\/caykara-haberleri\/caykarada-smalilar-icin-kermes-71790\/attachment\/caykarada-smalilar-icin-kermes-2\/\"><img loading=\"lazy\" decoding=\"async\" width=\"1024\" height=\"473\" src=\"https:\/\/www.caykaragazetesi.com\/wp-content\/uploads\/2025\/01\/caykarada-smalilar-icin-kermes.jpeg\" class=\"attachment-full size-full\" alt=\"\u00c7aykara\u2019da SMA\u2019l\u0131lar i\u00e7in kermes! 14\" srcset=\"https:\/\/www.caykaragazetesi.com\/wp-content\/uploads\/2025\/01\/caykarada-smalilar-icin-kermes.jpeg 1024w, https:\/\/www.caykaragazetesi.com\/wp-content\/uploads\/2025\/01\/caykarada-smalilar-icin-kermes-768x355.jpeg 768w\" sizes=\"auto, (max-width: 1024px) 100vw, 1024px\" title=\"\u00c7aykara\u2019da SMA\u2019l\u0131lar i\u00e7in kermes! 14\"><\/a><br \/>\n<a href=\"https:\/\/www.caykaragazetesi.com\/caykara-haberleri\/caykarada-smalilar-icin-kermes-71790\/attachment\/caykarada-smalilar-icin-kermes-4\/\"><img loading=\"lazy\" decoding=\"async\" width=\"1024\" height=\"576\" src=\"https:\/\/www.caykaragazetesi.com\/wp-content\/uploads\/2025\/01\/caykarada-smalilar-icin-kermes-4.jpeg\" class=\"attachment-full size-full\" alt=\"\u00c7aykara\u2019da SMA\u2019l\u0131lar i\u00e7in kermes! 15\" srcset=\"https:\/\/www.caykaragazetesi.com\/wp-content\/uploads\/2025\/01\/caykarada-smalilar-icin-kermes-4.jpeg 1024w, https:\/\/www.caykaragazetesi.com\/wp-content\/uploads\/2025\/01\/caykarada-smalilar-icin-kermes-4-768x432.jpeg 768w\" sizes=\"auto, (max-width: 1024px) 100vw, 1024px\" title=\"\u00c7aykara\u2019da SMA\u2019l\u0131lar i\u00e7in kermes! 15\"><\/a><br \/>Bu icerik www.caykaragazetesi.com alintidir.<\/p>\n","protected":false},"excerpt":{"rendered":"<p>\u00c7aykara Kaymakam\u0131 G\u00fcrdal Erbek ve e\u015fi \u00c7isem Erbek \u00c7aykara Anadolu Lisesi \u00f6\u011frencileri taraf\u0131ndan d\u00fczenlenen SMA hastas\u0131 \u00e7ocuklar i\u00e7in yard\u0131m kermesine kat\u0131ld\u0131. Kermes\u2019e Belediye Ba\u015fkan\u0131 Hanefi Tok da destek vererek kat\u0131ld\u0131. Etkinli\u011fe, \u00f6\u011frenciler, veliler, devlet memurlar\u0131 ve \u00c7aykara\u2019dan halk kat\u0131ld\u0131. Kaymakam Erbek ve Belediye ba\u015fkan\u0131 Hanefi Tok, kermesin haz\u0131rlanmas\u0131nda eme\u011fi bulunan idarecilere, \u00f6\u011fretmenlere ve \u00f6\u011frencilere te\u015fekk\u00fcr [&hellip;]<\/p>\n","protected":false},"author":2,"featured_media":1354,"comment_status":"closed","ping_status":"open","sticky":false,"template":"","format":"standard","meta":{"tdm_status":"","tdm_grid_status":"","footnotes":""},"categories":[40],"tags":[],"class_list":{"0":"post-1353","1":"post","2":"type-post","3":"status-publish","4":"format-standard","5":"has-post-thumbnail","7":"category-caykara"},"_links":{"self":[{"href":"https:\/\/zeleka.com\/index.php?rest_route=\/wp\/v2\/posts\/1353","targetHints":{"allow":["GET"]}}],"collection":[{"href":"https:\/\/zeleka.com\/index.php?rest_route=\/wp\/v2\/posts"}],"about":[{"href":"https:\/\/zeleka.com\/index.php?rest_route=\/wp\/v2\/types\/post"}],"author":[{"embeddable":true,"href":"https:\/\/zeleka.com\/index.php?rest_route=\/wp\/v2\/users\/2"}],"replies":[{"embeddable":true,"href":"https:\/\/zeleka.com\/index.php?rest_route=%2Fwp%2Fv2%2Fcomments&post=1353"}],"version-history":[{"count":0,"href":"https:\/\/zeleka.com\/index.php?rest_route=\/wp\/v2\/posts\/1353\/revisions"}],"wp:featuredmedia":[{"embeddable":true,"href":"https:\/\/zeleka.com\/index.php?rest_route=\/wp\/v2\/media\/1354"}],"wp:attachment":[{"href":"https:\/\/zeleka.com\/index.php?rest_route=%2Fwp%2Fv2%2Fmedia&parent=1353"}],"wp:term":[{"taxonomy":"category","embeddable":true,"href":"https:\/\/zeleka.com\/index.php?rest_route=%2Fwp%2Fv2%2Fcategories&post=1353"},{"taxonomy":"post_tag","embeddable":true,"href":"https:\/\/zeleka.com\/index.php?rest_route=%2Fwp%2Fv2%2Ftags&post=1353"}],"curies":[{"name":"wp","href":"https:\/\/api.w.org\/{rel}","templated":true}]}}