{"id":1351,"date":"2025-01-14T01:57:00","date_gmt":"2025-01-13T22:57:00","guid":{"rendered":"https:\/\/zeleka.com\/?p=1351"},"modified":"2025-01-14T01:57:00","modified_gmt":"2025-01-13T22:57:00","slug":"caykara-daglarinda-kayak-keyfi","status":"publish","type":"post","link":"https:\/\/zeleka.com\/?p=1351","title":{"rendered":"\u00c7aykara da\u011flar\u0131nda kayak keyfi"},"content":{"rendered":"<p><img width=\"1024\" height=\"575\" src=\"https:\/\/www.caykaragazetesi.com\/wp-content\/uploads\/2025\/01\/caykara-daglarinda-kayak-keyfi.jpg\" class=\"attachment-post-thumbnail size-post-thumbnail wp-post-image\" alt=\"\u00c7aykara da\u011flar\u0131nda kayak keyfi 10\" decoding=\"async\" loading=\"lazy\" srcset=\"https:\/\/www.caykaragazetesi.com\/wp-content\/uploads\/2025\/01\/caykara-daglarinda-kayak-keyfi.jpg 1024w, https:\/\/www.caykaragazetesi.com\/wp-content\/uploads\/2025\/01\/caykara-daglarinda-kayak-keyfi-768x431.jpg 768w\" sizes=\"auto, (max-width: 1024px) 100vw, 1024px\" title=\"\u00c7aykara da\u011flar\u0131nda kayak keyfi 10\"><\/p>\n<p>\u00c7aykara\u2019n\u0131n d\u00fcnyaca \u00fcnl\u00fc turizm noktas\u0131 Uzung\u00f6l ge\u00e7en hafta sonu renkli bir etkinli\u011fe sahne oldu. Motorlu kayaklar\u0131n\u0131 alan bir grup Uzung\u00f6ll\u00fc gen\u00e7 giri\u015fimci Uzung\u00f6l\u2019de Karester yaylas\u0131na \u00e7\u0131kt\u0131. Gezilerini Drone ile g\u00f6r\u00fcnt\u00fcleyen grup \u00fcyeleri g\u00f6r\u00fcnt\u00fcleri sosyal medyada payla\u015farak dikkatleri \u00fczerine \u00e7ekti. Uz\u0131ng\u00f6ll\u00fc turizmciler \u201cda\u011flar\u0131m\u0131z her t\u00fcrl\u00fc k\u0131\u015f etkinli\u011fine m\u00fcsaittir. Biz de bunun \u00f6rneklerini sunarak turizmi on iki aya yaymaya \u00e7al\u0131\u015f\u0131yoruz\u201d dediler.<\/p>\n<p><a href=\"https:\/\/www.caykaragazetesi.com\/turizm\/caykara-daglarinda-kayak-keyfi-71800\/attachment\/caykara-daglarinda-kayak-keyfi-8\/\"><img loading=\"lazy\" decoding=\"async\" width=\"686\" height=\"1024\" src=\"https:\/\/www.caykaragazetesi.com\/wp-content\/uploads\/2025\/01\/caykara-daglarinda-kayak-keyfi-8.jpeg\" class=\"attachment-full size-full\" alt=\"\u00c7aykara da\u011flar\u0131nda kayak keyfi 2\" title=\"\u00c7aykara da\u011flar\u0131nda kayak keyfi 2\"><\/a><br \/>\n<a href=\"https:\/\/www.caykaragazetesi.com\/turizm\/caykara-daglarinda-kayak-keyfi-71800\/attachment\/caykara-daglarinda-kayak-keyfi-7\/\"><img loading=\"lazy\" decoding=\"async\" width=\"646\" height=\"1024\" src=\"https:\/\/www.caykaragazetesi.com\/wp-content\/uploads\/2025\/01\/caykara-daglarinda-kayak-keyfi-7.jpeg\" class=\"attachment-full size-full\" alt=\"\u00c7aykara da\u011flar\u0131nda kayak keyfi 3\" title=\"\u00c7aykara da\u011flar\u0131nda kayak keyfi 3\"><\/a><br \/>\n<a href=\"https:\/\/www.caykaragazetesi.com\/turizm\/caykara-daglarinda-kayak-keyfi-71800\/attachment\/caykara-daglarinda-kayak-keyfi-6\/\"><img loading=\"lazy\" decoding=\"async\" width=\"627\" height=\"1024\" src=\"https:\/\/www.caykaragazetesi.com\/wp-content\/uploads\/2025\/01\/caykara-daglarinda-kayak-keyfi-6.jpeg\" class=\"attachment-full size-full\" alt=\"\u00c7aykara da\u011flar\u0131nda kayak keyfi 4\" title=\"\u00c7aykara da\u011flar\u0131nda kayak keyfi 4\"><\/a><br \/>\n<a href=\"https:\/\/www.caykaragazetesi.com\/turizm\/caykara-daglarinda-kayak-keyfi-71800\/attachment\/caykara-daglarinda-kayak-keyfi-5\/\"><img loading=\"lazy\" decoding=\"async\" width=\"732\" height=\"1024\" src=\"https:\/\/www.caykaragazetesi.com\/wp-content\/uploads\/2025\/01\/caykara-daglarinda-kayak-keyfi-5.jpeg\" class=\"attachment-full size-full\" alt=\"\u00c7aykara da\u011flar\u0131nda kayak keyfi 5\" title=\"\u00c7aykara da\u011flar\u0131nda kayak keyfi 5\"><\/a><br \/>\n<a href=\"https:\/\/www.caykaragazetesi.com\/turizm\/caykara-daglarinda-kayak-keyfi-71800\/attachment\/caykara-daglarinda-kayak-keyfi-4\/\"><img loading=\"lazy\" decoding=\"async\" width=\"740\" height=\"1024\" src=\"https:\/\/www.caykaragazetesi.com\/wp-content\/uploads\/2025\/01\/caykara-daglarinda-kayak-keyfi-4.jpeg\" class=\"attachment-full size-full\" alt=\"\u00c7aykara da\u011flar\u0131nda kayak keyfi 6\" title=\"\u00c7aykara da\u011flar\u0131nda kayak keyfi 6\"><\/a><br \/>\n<a href=\"https:\/\/www.caykaragazetesi.com\/turizm\/caykara-daglarinda-kayak-keyfi-71800\/attachment\/caykara-daglarinda-kayak-keyfi-3\/\"><img loading=\"lazy\" decoding=\"async\" width=\"725\" height=\"1024\" src=\"https:\/\/www.caykaragazetesi.com\/wp-content\/uploads\/2025\/01\/caykara-daglarinda-kayak-keyfi-3.jpeg\" class=\"attachment-full size-full\" alt=\"\u00c7aykara da\u011flar\u0131nda kayak keyfi 7\" title=\"\u00c7aykara da\u011flar\u0131nda kayak keyfi 7\"><\/a><br \/>\n<a href=\"https:\/\/www.caykaragazetesi.com\/turizm\/caykara-daglarinda-kayak-keyfi-71800\/attachment\/caykara-daglarinda-kayak-keyfi-2-2\/\"><img loading=\"lazy\" decoding=\"async\" width=\"1024\" height=\"576\" src=\"https:\/\/www.caykaragazetesi.com\/wp-content\/uploads\/2025\/01\/caykara-daglarinda-kayak-keyfi-2.jpeg\" class=\"attachment-full size-full\" alt=\"\u00c7aykara da\u011flar\u0131nda kayak keyfi 8\" srcset=\"https:\/\/www.caykaragazetesi.com\/wp-content\/uploads\/2025\/01\/caykara-daglarinda-kayak-keyfi-2.jpeg 1024w, https:\/\/www.caykaragazetesi.com\/wp-content\/uploads\/2025\/01\/caykara-daglarinda-kayak-keyfi-2-768x432.jpeg 768w\" sizes=\"auto, (max-width: 1024px) 100vw, 1024px\" title=\"\u00c7aykara da\u011flar\u0131nda kayak keyfi 8\"><\/a><br \/>\n<a href=\"https:\/\/www.caykaragazetesi.com\/turizm\/caykara-daglarinda-kayak-keyfi-71800\/attachment\/caykara-daglarinda-kayak-keyfi-2\/\"><img loading=\"lazy\" decoding=\"async\" width=\"696\" height=\"1024\" src=\"https:\/\/www.caykaragazetesi.com\/wp-content\/uploads\/2025\/01\/caykara-daglarinda-kayak-keyfi.jpeg\" class=\"attachment-full size-full\" alt=\"\u00c7aykara da\u011flar\u0131nda kayak keyfi 9\" title=\"\u00c7aykara da\u011flar\u0131nda kayak keyfi 9\"><\/a><br \/>Bu icerik www.caykaragazetesi.com alintidir.<\/p>\n","protected":false},"excerpt":{"rendered":"<p>\u00c7aykara\u2019n\u0131n d\u00fcnyaca \u00fcnl\u00fc turizm noktas\u0131 Uzung\u00f6l ge\u00e7en hafta sonu renkli bir etkinli\u011fe sahne oldu. Motorlu kayaklar\u0131n\u0131 alan bir grup Uzung\u00f6ll\u00fc gen\u00e7 giri\u015fimci Uzung\u00f6l\u2019de Karester yaylas\u0131na \u00e7\u0131kt\u0131. Gezilerini Drone ile g\u00f6r\u00fcnt\u00fcleyen grup \u00fcyeleri g\u00f6r\u00fcnt\u00fcleri sosyal medyada payla\u015farak dikkatleri \u00fczerine \u00e7ekti. Uz\u0131ng\u00f6ll\u00fc turizmciler \u201cda\u011flar\u0131m\u0131z her t\u00fcrl\u00fc k\u0131\u015f etkinli\u011fine m\u00fcsaittir. Biz de bunun \u00f6rneklerini sunarak turizmi on iki [&hellip;]<\/p>\n","protected":false},"author":2,"featured_media":1352,"comment_status":"closed","ping_status":"open","sticky":false,"template":"","format":"standard","meta":{"tdm_status":"","tdm_grid_status":"","footnotes":""},"categories":[40],"tags":[],"class_list":{"0":"post-1351","1":"post","2":"type-post","3":"status-publish","4":"format-standard","5":"has-post-thumbnail","7":"category-caykara"},"_links":{"self":[{"href":"https:\/\/zeleka.com\/index.php?rest_route=\/wp\/v2\/posts\/1351","targetHints":{"allow":["GET"]}}],"collection":[{"href":"https:\/\/zeleka.com\/index.php?rest_route=\/wp\/v2\/posts"}],"about":[{"href":"https:\/\/zeleka.com\/index.php?rest_route=\/wp\/v2\/types\/post"}],"author":[{"embeddable":true,"href":"https:\/\/zeleka.com\/index.php?rest_route=\/wp\/v2\/users\/2"}],"replies":[{"embeddable":true,"href":"https:\/\/zeleka.com\/index.php?rest_route=%2Fwp%2Fv2%2Fcomments&post=1351"}],"version-history":[{"count":0,"href":"https:\/\/zeleka.com\/index.php?rest_route=\/wp\/v2\/posts\/1351\/revisions"}],"wp:featuredmedia":[{"embeddable":true,"href":"https:\/\/zeleka.com\/index.php?rest_route=\/wp\/v2\/media\/1352"}],"wp:attachment":[{"href":"https:\/\/zeleka.com\/index.php?rest_route=%2Fwp%2Fv2%2Fmedia&parent=1351"}],"wp:term":[{"taxonomy":"category","embeddable":true,"href":"https:\/\/zeleka.com\/index.php?rest_route=%2Fwp%2Fv2%2Fcategories&post=1351"},{"taxonomy":"post_tag","embeddable":true,"href":"https:\/\/zeleka.com\/index.php?rest_route=%2Fwp%2Fv2%2Ftags&post=1351"}],"curies":[{"name":"wp","href":"https:\/\/api.w.org\/{rel}","templated":true}]}}