{"id":1349,"date":"2025-01-12T18:26:00","date_gmt":"2025-01-12T15:26:00","guid":{"rendered":"https:\/\/zeleka.com\/?p=1349"},"modified":"2025-01-12T18:26:00","modified_gmt":"2025-01-12T15:26:00","slug":"bilge-doktor-yusuf-gedik","status":"publish","type":"post","link":"https:\/\/zeleka.com\/?p=1349","title":{"rendered":"Bilge Doktor Yusuf Gedik\u2026"},"content":{"rendered":"<p><img width=\"1024\" height=\"575\" src=\"https:\/\/www.caykaragazetesi.com\/wp-content\/uploads\/2025\/01\/bilge-doktor-yusuf-gedik.jpeg\" class=\"attachment-post-thumbnail size-post-thumbnail wp-post-image\" alt=\"Bilge Doktor Yusuf Gedik\u2026 8\" decoding=\"async\" loading=\"lazy\" srcset=\"https:\/\/www.caykaragazetesi.com\/wp-content\/uploads\/2025\/01\/bilge-doktor-yusuf-gedik.jpeg 1024w, https:\/\/www.caykaragazetesi.com\/wp-content\/uploads\/2025\/01\/bilge-doktor-yusuf-gedik-768x431.jpeg 768w\" sizes=\"auto, (max-width: 1024px) 100vw, 1024px\" title=\"Bilge Doktor Yusuf Gedik\u2026 8\"><\/p>\n<p class=\"s2\"><span class=\"s5\"><span class=\"bumpedFont15\">Dr.<\/span><\/span><span class=\"s5\"><span class=\"bumpedFont15\"> Yusuf Gedik hocam\u0131z\u0131n ismini 1980\u2019lerin ortalar\u0131nda duymu\u015ftum. O y\u0131llarda Karadeniz Teknik \u00dcniversitesi\u2019nde \u00f6\u011frenciydim. \u00d6\u011frencilik y\u0131llar\u0131m\u0131zda <\/span><\/span><span class=\"s5\"><span class=\"bumpedFont15\">sosyal ve k\u00fclt\u00fcrel faaliyetler<\/span><\/span><span class=\"s5\"><span class=\"bumpedFont15\">de ve \u00f6\u011frenci \u00f6rg\u00fctlenmelerinde aktif olarak yer alm\u0131\u015ft\u0131m. Bir yandan Kredi ve Yurtlar Kurumu\u2019nda se\u00e7ilmi\u015f \u00f6\u011frenci temsilcisiydim di\u011fer yandan KT\u00dc \u00d6\u011frenci Derne\u011fi\u2019nin kurulu\u015f s\u00fcreciyle me\u015fguld\u00fcm. Bu s\u00fcre\u00e7lerde \u00e7o\u011funlukla T\u0131p Fak\u00fcltesi\u2019ndeki \u00f6\u011frenci arkada\u015flarla mesai birlikteli\u011fi yap\u0131yordum. Bunlardan biri Abdullah <\/span><\/span><span class=\"s5\"><span class=\"bumpedFont15\">Arslant\u00fcrk<\/span><\/span><span class=\"s5\"><span class=\"bumpedFont15\">di\u011feri ise B\u00fclent Yal\u00e7\u0131n idi. Her ikisi de bug\u00fcn T\u00fcrk sa\u011fl\u0131k sistemine hekim olarak hizmet etmektedir. Ab<\/span><\/span><span class=\"s5\"><span class=\"bumpedFont15\">dullah <\/span><\/span><span class=\"s5\"><span class=\"bumpedFont15\">Arslant\u00fcrk<\/span><\/span><span class=\"s5\"><span class=\"bumpedFont15\"> ile birlikte y<\/span><\/span><span class=\"s5\"><span class=\"bumpedFont15\">urt <\/span><\/span><span class=\"s5\"><span class=\"bumpedFont15\">t<\/span><\/span><span class=\"s5\"><span class=\"bumpedFont15\">emsilcisi se\u00e7ilmi\u015ftik. B\u00fclent Yal\u00e7\u0131n da te\u015fkil etmeye \u00e7al\u0131\u015ft\u0131\u011f\u0131m\u0131z \u00d6\u011frenci Derne\u011fi\u2019nin kurucu ba\u015fkan\u0131 olmu\u015ftu. Bu iki arkada\u015f\u0131m\u0131z ve burad<\/span><\/span><span class=\"s5\"><span class=\"bumpedFont15\">a ismini sayamad\u0131\u011f\u0131m<\/span><\/span><span class=\"s5\"><span class=\"bumpedFont15\"> p<\/span><\/span><span class=\"s5\"><span class=\"bumpedFont15\">ek \u00e7ok t<\/span><\/span><span class=\"s5\"><span class=\"bumpedFont15\">\u0131bbiyeli arkada\u015ftan Yusuf Gedik ismini sitayi\u015fle duyard\u0131m. Babacan duru\u015fu, kararl\u0131l\u0131\u011f\u0131 ve \u00e7evresini etkileyen \u00f6zellikleriyle \u00f6\u011frenciler aras\u0131nda ad\u0131 en \u00e7ok zikredilendi. Ben de do\u011fal olarak bu hocaya g\u0131yab\u0131nda sempati duymaya ba\u015flam\u0131\u015ft\u0131m. \u00c7aykaral\u0131 (Yukar\u0131 Kumlu mahallesinden) oldu\u011funu \u00f6\u011frendikten sonra <\/span><\/span><span class=\"s5\"><span class=\"bumpedFont15\">hem\u015fehrilik<\/span><\/span><span class=\"s5\"><span class=\"bumpedFont15\"> ba\u011flar\u0131ndan \u00f6t\u00fcr\u00fc muhabbetim daha da artt\u0131.<\/span><\/span><\/p>\n<p class=\"s6\"><span class=\"s5\"><span class=\"bumpedFont15\">Yusuf Gedik hocam\u0131z Prof. Dr. \u0130hsan Do\u011framac\u0131\u2019n\u0131n kurmu\u015f oldu\u011fu Hacettepe \u00dcniversitesi T\u0131p Fak\u00fcltesi\u2019nden mezun olmu\u015f; ayn\u0131 yerde \u00c7ocuk Hastal\u0131klar\u0131 ihtisas\u0131 yapt\u0131ktan sonra 1975-1980 y\u0131llar\u0131 aras\u0131nda Hacettepe \u00dcniversitesi b\u00fcnyesinde faaliyet g\u00f6steren KT\u00dc T\u0131p Fak\u00fcltesi\u2019nin <\/span><\/span><span class=\"s5\"><span class=\"bumpedFont15\">akademik <\/span><\/span><span class=\"s5\"><span class=\"bumpedFont15\">kadrosuna <\/span><\/span><span class=\"s5\"><span class=\"bumpedFont15\">d\u00e2hil<\/span><\/span><span class=\"s5\"><span class=\"bumpedFont15\"> olmu\u015ftur. <\/span><\/span><span class=\"s5\"><span class=\"bumpedFont15\">1980\u2019lerin ba\u015f\u0131nda Trabzon\u2019a ta\u015f\u0131nan T\u0131p Fak\u00fcltesi\u2019nin kurucu kadrosunda b\u00f6ylece yerini alm\u0131\u015f oldu. <\/span><\/span><\/p>\n<p class=\"s6\"><span class=\"s5\"><span class=\"bumpedFont15\">Yusuf<\/span><\/span><span class=\"s5\"><span class=\"bumpedFont15\"> Gedik<\/span><\/span><span class=\"s5\"><span class=\"bumpedFont15\">,<\/span><\/span><span class=\"s5\"><span class=\"bumpedFont15\"> 1980\u2019ler boyunca enerjik yap\u0131s\u0131, \u00e7evresini etkileyen karizmatik ki\u015fili\u011fi ve mesleki birikiminin kalitesiyle hem \u00fcniversite i\u00e7erisinde hem de \u015fehirde ad\u0131 en \u00e7ok duyulan tabipler aras\u0131nda yer ald\u0131. Bir yandan T\u0131p Fak\u00fcltesi\u2019nin yap\u0131lanmas\u0131nda etkili olurken di\u011fer yandan te\u015fkilat\u00e7\u0131 ki\u015fili\u011fi ile Tabipler Odas\u0131\u2019ndaki de\u011fi\u015fimin \u00f6nc\u00fcs\u00fc olmaya ba\u015flam\u0131\u015ft\u0131. Bunlar\u0131n yan\u0131nda 1988\u2019de Trabzon T\u00fcrk Oca\u011f\u0131\u2019n\u0131n kurulu\u015funu ger\u00e7ekle\u015ftirdi. Osmanl\u0131 \u0130mparatorlu\u011fu\u2019nun en zor d\u00f6neminde 190 T\u0131bbiyeli gencin \u00e7abalar\u0131yla 1912\u2019de temelleri at\u0131lan T\u00fcrk Ocaklar\u0131 bir k\u00fclt\u00fcr kurumu olarak \u0130mparatorlu\u011fun son d\u00f6nemlerine ve Cumhuriyetin kurulu\u015f s\u00fcrecine damgas\u0131n\u0131 vurmu\u015ftur. Bu yap\u0131n\u0131n 1980\u2019lerin sonunda, So\u011fuk Sava\u015f\u2019\u0131n sona erdi\u011fi s\u00fcre\u00e7te, ta\u015frada; Trabzon\u2019daki bayraktar\u0131 Dr. Yusuf Gedik\u2019tir. Hocam\u0131zla y\u00fcz y\u00fcze tan\u0131\u015fmam\u0131z ve yak\u0131nla\u015fmam\u0131z bu yap\u0131n\u0131n i\u00e7erisinde olmu\u015ftur. <\/span><\/span><\/p>\n<p class=\"s6\"><span class=\"s5\"><span class=\"bumpedFont15\">Dr. Yusuf Gedik, 1990\u2019larda mesle\u011finin zirvesindedir. Bu y\u0131llarda mesleki birikimini ve do\u011fal bir yetenek olan te\u015fkilat\u00e7\u0131l\u0131\u011f\u0131n\u0131 bu sefer \u00fcniversitesi i\u00e7in kullanmak istemi\u015ftir. Rekt\u00f6rl\u00fck se\u00e7imlerine \u00f6nce taraf olmu\u015f, daha sonra aday olarak kendini g\u00f6stermi\u015ftir. 1996 y\u0131l\u0131 rekt\u00f6rl\u00fck se\u00e7imlerinde dikkat \u00e7ekici bir oy alarak \u00fcniversite i\u00e7erisinde<\/span><\/span><span class=\"s5\"><span class=\"bumpedFont15\"> ciddi bir potansiyele sahip oldu\u011funu g\u00f6stermi\u015fti<\/span><\/span><span class=\"s5\"><span class=\"bumpedFont15\">r<\/span><\/span><span class=\"s5\"><span class=\"bumpedFont15\">. <\/span><\/span><span class=\"s5\"><span class=\"bumpedFont15\">Konjonkt\u00fcrel <\/span><\/span><span class=\"s5\"><span class=\"bumpedFont15\">dezavantajlar\u0131ndan \u00f6t\u00fcr\u00fc sonuca gidememi\u015fti. Buna<\/span><\/span><span class=\"s5\"><span class=\"bumpedFont15\"> ra\u011fmen s\u00f6z\u00fcn\u00fcn eri olmas\u0131, insana dokunan bir \u00f6zelli\u011fe sahip olmas\u0131 ve medeni cesaretinin y\u00fcksekli\u011fi ile emekli oldu\u011fu 2015 y\u0131l\u0131na dek \u00fcniversite i\u00e7erisinde her daim <\/span><\/span><span class=\"s5\"><span class=\"bumpedFont15\">aranan ve takip edilen <\/span><\/span><span class=\"s5\"><span class=\"bumpedFont15\">biri o<\/span><\/span><span class=\"s5\"><span class=\"bumpedFont15\">lmu\u015ftur. Bizler o d\u00f6nemlerinin gen\u00e7 akademisyenleri olarak hocam\u0131z\u0131n a\u00e7t\u0131\u011f\u0131 yolda y\u00fcr\u00fcy\u00fc\u015f\u00fcm\u00fcz\u00fc s\u00fcrd\u00fcrd\u00fck. <\/span><\/span><\/p>\n<p class=\"s6\"><span class=\"s5\"><span class=\"bumpedFont15\">Dr. Yusuf Gedik pek \u00e7ok t<\/span><\/span><span class=\"s5\"><span class=\"bumpedFont15\">\u0131bbiyelide oldu\u011fu gibi tarih ilmine d\u00f6n\u00fck y\u00fcksek bir ilgiye sahiptir. Her g\u00fcn mesai sonras\u0131nda Trabzon\u2019un en yo\u011fun yerlerinden biri olan Uzun Sokak\u2019taki kitap\u00e7\u0131lar\u0131 gezer ve mutlaka bir ya da birka\u00e7 kitap sat\u0131n alarak T\u00fcrk Oca\u011f\u0131\u2019na gelirdi. Burada kitaplar \u00fczerinde k\u00fclt\u00fcr bilimcilerle sohbet eder ve derin <\/span><\/span><span class=\"s5\"><span class=\"bumpedFont15\">vukufiyetiyle<\/span><\/span><span class=\"s5\"><span class=\"bumpedFont15\"> sohbeti ileri bir akademik seviyeye \u00e7ekerdi. Yusuf Hocam\u0131z\u0131n \u00f6zel k\u00fct\u00fcphanesi<\/span><\/span><span class=\"s5\"><span class=\"bumpedFont15\"> pek \u00e7ok sosyal b<\/span><\/span><span class=\"s5\"><span class=\"bumpedFont15\">ilimcinin evinde<\/span><\/span><span class=\"s5\"><span class=\"bumpedFont15\">\/elinde<\/span><\/span><span class=\"s5\"><span class=\"bumpedFont15\"> yoktur dersek abart\u0131l\u0131 bir ifade kullanm\u0131\u015f olmay\u0131z.<\/span><\/span><\/p>\n<p class=\"s6\"><span class=\"s5\"><span class=\"bumpedFont15\">Prof. Dr. Yusuf Gedik Hocam\u0131z dini bilimlerle i\u015ftigal eden bir aileden geldi\u011fi i\u00e7in inan\u00e7, ibadet ve <\/span><\/span><span class=\"s5\"><span class=\"bumpedFont15\">akaid<\/span><\/span><span class=\"s5\"><span class=\"bumpedFont15\"> noktas\u0131nda da kendini geli\u015ftirmi\u015fti. Gerek m\u00fcft\u00fc olan babas\u0131n\u0131n gerekse aile muhitinin m\u00fcktesebat\u0131 dolay\u0131s\u0131yla dinin birey i\u00e7in ne manaya geldi\u011fini, her t\u00fcrl\u00fc ba\u011fnazl\u0131ktan uzak bir \u015fekilde <\/span><\/span><span class=\"s7\"><span class=\"bumpedFont15\">Hanef<\/span><\/span><span class=\"s7\"><span class=\"bumpedFont15\">i-<\/span><\/span><span class=\"s7\"><span class=\"bumpedFont15\">Maturidi<\/span><\/span><span class=\"s5\"><span class=\"bumpedFont15\"> gelene\u011fini<\/span><\/span><a name=\"_GoBack\"><\/a><span class=\"s5\"><span class=\"bumpedFont15\"> ak\u0131l \u00e7izgisinde i\u00e7selle\u015ftirmi\u015f bir insand\u0131r. Bu \u00f6zelli\u011fi ile de \u00e7evresini etkilemi\u015ftir. <\/span><\/span><\/p>\n<p class=\"s6\"><span class=\"s5\"><span class=\"bumpedFont15\">2000\u2019lerin ba\u015f\u0131nda bir salg\u0131n \u015feklinde yay\u0131lan <\/span><\/span><span class=\"s7\"><span class=\"bumpedFont15\">\u201c<\/span><\/span><span class=\"s7\"><span class=\"bumpedFont15\">dinler aras\u0131 d<\/span><\/span><span class=\"s7\"><span class=\"bumpedFont15\">iyalog\u201d<\/span><\/span><span class=\"s5\"><span class=\"bumpedFont15\"> projesinin T\u00fcrk toplumu i\u00e7in ne b\u00fcy\u00fck bir tehlike oldu\u011funu <\/span><\/span><span class=\"s5\"><span class=\"bumpedFont15\">\u00f6zel sohbetlerinde s\u00fcrekli dile getirirdi. Bu sosyal sorumlulu\u011fu daha da ileri<\/span><\/span><span class=\"s5\"><span class=\"bumpedFont15\">ye<\/span><\/span><span class=\"s5\"><span class=\"bumpedFont15\"> ta\u015f\u0131yarak Trabzon\u2019un pek \u00e7ok yerinde konferanslar vermi\u015ftir. Baz\u0131lar\u0131nda da birlikte konu\u015fmu\u015ftuk. Hocam\u0131z\u0131n ne kadar hakl\u0131 ve ileri g\u00f6r\u00fc\u015fl\u00fc oldu\u011fu 15 Temmuz 2016\u2019daki menfur hadiseyle ve ibretle anla\u015f\u0131lm\u0131\u015ft\u0131r. <\/span><\/span><\/p>\n<p class=\"s6\"><span class=\"s5\"><span class=\"bumpedFont15\">Prof. Dr. Yusuf Gedik Hocam\u0131z \u00e7evresine pozitif enerji yayan, y\u00f6re k\u00fclt\u00fcr\u00fcn\u00fcn \u00f6zelliklerini \u015fakalar\u0131na ince bir \u015fekilde yerle\u015ftiren; bundan dolay\u0131 da insanlar\u0131n kendisinden k\u0131r\u0131lmad\u0131\u011f\u0131 sevecen bir ki\u015filiktir. <\/span><\/span><\/p>\n<p class=\"s6\"><span class=\"s5\"><span class=\"bumpedFont15\">O, hekimlik mesle\u011finde koymu\u015f oldu\u011fu isabetli te\u015fhisleri T\u00fcrk toplumunun sosyal problemlerine de yans\u0131tm\u0131\u015ft\u0131r. Sosyal meselelerde kapsay\u0131c\u0131 ve ku\u015fat\u0131c\u0131 tespitleri vard\u0131. Karizmatik y\u00f6n\u00fcyle de s\u00f6z\u00fc her daim dinlenir. Bu \u00f6zellikleriyle <\/span><\/span><span class=\"s5\"><span class=\"bumpedFont15\">de <\/span><\/span><span class=\"s5\"><span class=\"bumpedFont15\">bilge bir ki\u015filiktir. <\/span><\/span><\/p>\n<p class=\"s6\"><span class=\"s5\"><span class=\"bumpedFont15\">Sa\u011fl\u0131kl\u0131, uzun ya\u015fa Yusuf Hoca<\/span><\/span><span class=\"s5\"><span class=\"bumpedFont15\">\u2026<\/span><\/span><\/p>\n<p class=\"s8\"><span class=\"s5\"><span class=\"bumpedFont15\">12 Ocak 2025 Trabzon.<\/span><\/span><span class=\"s5\"><span class=\"bumpedFont15\"> \u00a0 \u00a0 \u00a0 \u00a0 \u00a0 \u00a0 \u00a0 \u00a0 \u00a0 \u00a0 \u00a0 \u00a0 \u00a0 \u00a0 \u00a0 \u00a0 \u00a0 \u00a0 <\/span><\/span><span class=\"s5\"><span class=\"bumpedFont15\">\u00a0 \u00a0 \u00a0 \u00a0 \u00a0 \u00a0 \u00a0 \u00a0 \u00a0 \u00a0 \u00a0 \u00a0 \u00a0 \u00a0<\/span><\/span><span class=\"s5\"><span class=\"bumpedFont15\"> \u00a0Prof. Dr. Hikmet \u00d6<\/span><\/span><span class=\"s5\"><span class=\"bumpedFont15\">KS\u00dcZ<\/span><\/span><\/p>\n<p class=\"s6\"><span class=\"s5\"><span class=\"bumpedFont15\">KT\u00dc, Edebiyat Fak\u00fcltesi, Tarih B\u00f6l\u00fcm\u00fc<\/span><\/span><\/p>\n<p><a href=\"https:\/\/www.caykaragazetesi.com\/caykara-haberleri\/bilge-doktor-yusuf-gedik-71776\/attachment\/bilge-doktor-yusuf-gedik-5\/\"><img loading=\"lazy\" decoding=\"async\" width=\"673\" height=\"594\" src=\"https:\/\/www.caykaragazetesi.com\/wp-content\/uploads\/2025\/01\/bilge-doktor-yusuf-gedik-5.jpeg\" class=\"attachment-full size-full\" alt=\"Bilge Doktor Yusuf Gedik\u2026 4\" title=\"Bilge Doktor Yusuf Gedik\u2026 4\"><\/a><br \/>\n<a href=\"https:\/\/www.caykaragazetesi.com\/caykara-haberleri\/bilge-doktor-yusuf-gedik-71776\/attachment\/bilge-doktor-yusuf-gedik-4\/\"><img loading=\"lazy\" decoding=\"async\" width=\"1024\" height=\"609\" src=\"https:\/\/www.caykaragazetesi.com\/wp-content\/uploads\/2025\/01\/bilge-doktor-yusuf-gedik-4.jpeg\" class=\"attachment-full size-full\" alt=\"Bilge Doktor Yusuf Gedik\u2026 5\" srcset=\"https:\/\/www.caykaragazetesi.com\/wp-content\/uploads\/2025\/01\/bilge-doktor-yusuf-gedik-4.jpeg 1024w, https:\/\/www.caykaragazetesi.com\/wp-content\/uploads\/2025\/01\/bilge-doktor-yusuf-gedik-4-768x457.jpeg 768w\" sizes=\"auto, (max-width: 1024px) 100vw, 1024px\" title=\"Bilge Doktor Yusuf Gedik\u2026 5\"><\/a><br \/>\n<a href=\"https:\/\/www.caykaragazetesi.com\/caykara-haberleri\/bilge-doktor-yusuf-gedik-71776\/attachment\/bilge-doktor-yusuf-gedik-3\/\"><img loading=\"lazy\" decoding=\"async\" width=\"628\" height=\"1024\" src=\"https:\/\/www.caykaragazetesi.com\/wp-content\/uploads\/2025\/01\/bilge-doktor-yusuf-gedik-3.jpeg\" class=\"attachment-full size-full\" alt=\"Bilge Doktor Yusuf Gedik\u2026 6\" title=\"Bilge Doktor Yusuf Gedik\u2026 6\"><\/a><br \/>\n<a href=\"https:\/\/www.caykaragazetesi.com\/caykara-haberleri\/bilge-doktor-yusuf-gedik-71776\/attachment\/bilge-doktor-yusuf-gedik-2-2\/\"><img loading=\"lazy\" decoding=\"async\" width=\"1024\" height=\"919\" src=\"https:\/\/www.caykaragazetesi.com\/wp-content\/uploads\/2025\/01\/bilge-doktor-yusuf-gedik-2.jpeg\" class=\"attachment-full size-full\" alt=\"Bilge Doktor Yusuf Gedik\u2026 7\" srcset=\"https:\/\/www.caykaragazetesi.com\/wp-content\/uploads\/2025\/01\/bilge-doktor-yusuf-gedik-2.jpeg 1024w, https:\/\/www.caykaragazetesi.com\/wp-content\/uploads\/2025\/01\/bilge-doktor-yusuf-gedik-2-768x689.jpeg 768w\" sizes=\"auto, (max-width: 1024px) 100vw, 1024px\" title=\"Bilge Doktor Yusuf Gedik\u2026 7\"><\/a><\/p>\n<p class=\"s6\">\n<p>Bu icerik www.caykaragazetesi.com alintidir.<\/p>\n","protected":false},"excerpt":{"rendered":"<p>Dr. Yusuf Gedik hocam\u0131z\u0131n ismini 1980\u2019lerin ortalar\u0131nda duymu\u015ftum. O y\u0131llarda Karadeniz Teknik \u00dcniversitesi\u2019nde \u00f6\u011frenciydim. \u00d6\u011frencilik y\u0131llar\u0131m\u0131zda sosyal ve k\u00fclt\u00fcrel faaliyetlerde ve \u00f6\u011frenci \u00f6rg\u00fctlenmelerinde aktif olarak yer alm\u0131\u015ft\u0131m. Bir yandan Kredi ve Yurtlar Kurumu\u2019nda se\u00e7ilmi\u015f \u00f6\u011frenci temsilcisiydim di\u011fer yandan KT\u00dc \u00d6\u011frenci Derne\u011fi\u2019nin kurulu\u015f s\u00fcreciyle me\u015fguld\u00fcm. Bu s\u00fcre\u00e7lerde \u00e7o\u011funlukla T\u0131p Fak\u00fcltesi\u2019ndeki \u00f6\u011frenci arkada\u015flarla mesai birlikteli\u011fi yap\u0131yordum. Bunlardan [&hellip;]<\/p>\n","protected":false},"author":5,"featured_media":1350,"comment_status":"closed","ping_status":"open","sticky":false,"template":"","format":"standard","meta":{"tdm_status":"","tdm_grid_status":"","footnotes":""},"categories":[40],"tags":[],"class_list":{"0":"post-1349","1":"post","2":"type-post","3":"status-publish","4":"format-standard","5":"has-post-thumbnail","7":"category-caykara"},"_links":{"self":[{"href":"https:\/\/zeleka.com\/index.php?rest_route=\/wp\/v2\/posts\/1349","targetHints":{"allow":["GET"]}}],"collection":[{"href":"https:\/\/zeleka.com\/index.php?rest_route=\/wp\/v2\/posts"}],"about":[{"href":"https:\/\/zeleka.com\/index.php?rest_route=\/wp\/v2\/types\/post"}],"author":[{"embeddable":true,"href":"https:\/\/zeleka.com\/index.php?rest_route=\/wp\/v2\/users\/5"}],"replies":[{"embeddable":true,"href":"https:\/\/zeleka.com\/index.php?rest_route=%2Fwp%2Fv2%2Fcomments&post=1349"}],"version-history":[{"count":0,"href":"https:\/\/zeleka.com\/index.php?rest_route=\/wp\/v2\/posts\/1349\/revisions"}],"wp:featuredmedia":[{"embeddable":true,"href":"https:\/\/zeleka.com\/index.php?rest_route=\/wp\/v2\/media\/1350"}],"wp:attachment":[{"href":"https:\/\/zeleka.com\/index.php?rest_route=%2Fwp%2Fv2%2Fmedia&parent=1349"}],"wp:term":[{"taxonomy":"category","embeddable":true,"href":"https:\/\/zeleka.com\/index.php?rest_route=%2Fwp%2Fv2%2Fcategories&post=1349"},{"taxonomy":"post_tag","embeddable":true,"href":"https:\/\/zeleka.com\/index.php?rest_route=%2Fwp%2Fv2%2Ftags&post=1349"}],"curies":[{"name":"wp","href":"https:\/\/api.w.org\/{rel}","templated":true}]}}