{"id":1347,"date":"2025-01-12T18:45:00","date_gmt":"2025-01-12T15:45:00","guid":{"rendered":"https:\/\/zeleka.com\/?p=1347"},"modified":"2025-01-12T18:45:00","modified_gmt":"2025-01-12T15:45:00","slug":"bilalun-mustafa","status":"publish","type":"post","link":"https:\/\/zeleka.com\/?p=1347","title":{"rendered":"Bilal\u2019un Mustafa!"},"content":{"rendered":"<p><img loading=\"lazy\" width=\"300\" height=\"209\" src=\"https:\/\/www.caykaragazetesi.com\/wp-content\/uploads\/2025\/01\/eski-meclis-uyesi-vefat-etti-2.jpeg\" class=\"attachment-post-thumbnail size-post-thumbnail wp-post-image\" alt=\"Bilal\u2019un Mustafa! 2\" decoding=\"async\" title=\"Bilal\u2019un Mustafa! 2\"><\/p>\n<p>Ge\u00e7en hafta beklenmedik bir \u015fekilde kaybetti\u011fimiz Atak\u00f6y Lemali esnaf\u0131, eski muhtar\u0131 ve \u0130l genel meclisi ve belediye meclisi eski \u00fcyesi Mustafa Hac\u0131abdullaho\u011flu\u2019nu kendimi bildi\u011fim en eski zamandan beri tan\u0131r\u0131m.<\/p>\n<p>Kendisi \u00e7evrede en k\u0131sa yoldan ba\u015fl\u0131ktaki ifadeyle tan\u0131n\u0131rd\u0131. \u201cBilal\u2019un Mustafa\u201d\u2026 \u00d6zellikle k\u00f6y ve yayla civar\u0131nda herkes onu Bilal\u2019\u0131n Mustafa olarak bilirdi. Babas\u0131 rahmetli Bilal amcay\u0131 da iyi tan\u0131rd\u0131m. \u00c7ok beyefendi, g\u00fcng\u00f6rm\u00fc\u015f bir adamd\u0131. Bu aile de\u011fdi\u011fi her insana fayda veren m\u00fcmtaz bir aileydi. Bilal amcadan sonra onun b\u0131rakt\u0131\u011f\u0131 yerden Mustafa abi g\u00f6revi devralm\u0131\u015ft\u0131. Onlar hayat\u0131 kendi eksenlerinde ya\u015famayan, i\u00e7inde ya\u015fad\u0131klar\u0131 toplum i\u00e7in insiyatif alan, emek veren, fedakarl\u0131kta bulunan m\u00fcmtaz insanlard\u0131. Mustafa abi babas\u0131 Bilal amcaya g\u00f6re daha farkl\u0131 bir karakterde ama insanlara hizmet anlam\u0131nda babas\u0131 ile ayn\u0131 istikametteydi. Babas\u0131 Bilal amca daha ilmi siyaset erbab\u0131, Mustafa abi ise fazlas\u0131yla net ve dobra idi. O, k\u00f6y\u00fcn\u00fcn, il\u00e7esinin derdi ile dertlenen, ya\u015fad\u0131\u011f\u0131 co\u011frafyada insanlar\u0131n zenginle\u015fmesini isteyen, daha iyi hizmet almalar\u0131 i\u00e7in \u00e7\u0131rp\u0131nan biriydi. Bu do\u011frultuda zaman zaman agresifle\u015febilirdi. Ama g\u00f6nl\u00fcn\u00fcn merhamet dolu oldu\u011fu konusunda kimsenin \u015f\u00fcphesi olaca\u011f\u0131n\u0131 d\u00fc\u015f\u00fcnm\u00fcyorum. Benim i\u00e7in bir baba dostuydu, bir a\u011fabeydi. G\u00f6r\u00fc\u015ft\u00fc\u011f\u00fcm\u00fczde samimi ve i\u00e7ten muhabbetimiz, \u015eur-\u015einek tak\u0131lmalar\u0131m\u0131z olurdu. Bu ani \u00f6l\u00fcm\u00fcyle ziyadesiyle \u00fczg\u00fcn\u00fcm. Onu \u00c7aykara olarak, Sultanmuratl\u0131lar, Vartanl\u0131, Cerrahl\u0131lar olarak \u00e7ok arayaca\u011f\u0131z, \u00e7ok \u00f6zleyece\u011fiz. \u201ciyi bir insan \u00f6ld\u00fc\u011f\u00fcnde ondan daha ziyade onu kaybeden topluma \u00fcz\u00fcl\u00fcn\u201d der Farabi. Onun gidi\u015fi sonras\u0131 yerini dolduracak bir fig\u00fcr de g\u00f6r\u00fcnm\u00fcyor maalesef. Allah\u0131m hesab\u0131n\u0131 kolay eylesin. Yapt\u0131\u011f\u0131 hay\u0131rlar\u0131 kendisine yolda\u015f eylesin.<\/p>\n<p>Allah rahmet eylesin, biz bir a\u011fabeyimizi, Atak\u00f6y b\u00fcy\u00fck bir zenginli\u011fini, b\u00fcy\u00fck bir de\u011ferini kaybetti. \u00c7ok \u00fczg\u00fcn\u00fcm. T\u00fcm aile efrad\u0131na sab\u0131r ve metanet diliyorum.<\/p>\n<p>Bu icerik www.caykaragazetesi.com alintidir.<\/p>\n","protected":false},"excerpt":{"rendered":"<p>Ge\u00e7en hafta beklenmedik bir \u015fekilde kaybetti\u011fimiz Atak\u00f6y Lemali esnaf\u0131, eski muhtar\u0131 ve \u0130l genel meclisi ve belediye meclisi eski \u00fcyesi Mustafa Hac\u0131abdullaho\u011flu\u2019nu kendimi bildi\u011fim en eski zamandan beri tan\u0131r\u0131m. Kendisi \u00e7evrede en k\u0131sa yoldan ba\u015fl\u0131ktaki ifadeyle tan\u0131n\u0131rd\u0131. \u201cBilal\u2019un Mustafa\u201d\u2026 \u00d6zellikle k\u00f6y ve yayla civar\u0131nda herkes onu Bilal\u2019\u0131n Mustafa olarak bilirdi. Babas\u0131 rahmetli Bilal amcay\u0131 da [&hellip;]<\/p>\n","protected":false},"author":4,"featured_media":1348,"comment_status":"closed","ping_status":"open","sticky":false,"template":"","format":"standard","meta":{"tdm_status":"","tdm_grid_status":"","footnotes":""},"categories":[40],"tags":[],"class_list":{"0":"post-1347","1":"post","2":"type-post","3":"status-publish","4":"format-standard","5":"has-post-thumbnail","7":"category-caykara"},"_links":{"self":[{"href":"https:\/\/zeleka.com\/index.php?rest_route=\/wp\/v2\/posts\/1347","targetHints":{"allow":["GET"]}}],"collection":[{"href":"https:\/\/zeleka.com\/index.php?rest_route=\/wp\/v2\/posts"}],"about":[{"href":"https:\/\/zeleka.com\/index.php?rest_route=\/wp\/v2\/types\/post"}],"author":[{"embeddable":true,"href":"https:\/\/zeleka.com\/index.php?rest_route=\/wp\/v2\/users\/4"}],"replies":[{"embeddable":true,"href":"https:\/\/zeleka.com\/index.php?rest_route=%2Fwp%2Fv2%2Fcomments&post=1347"}],"version-history":[{"count":0,"href":"https:\/\/zeleka.com\/index.php?rest_route=\/wp\/v2\/posts\/1347\/revisions"}],"wp:featuredmedia":[{"embeddable":true,"href":"https:\/\/zeleka.com\/index.php?rest_route=\/wp\/v2\/media\/1348"}],"wp:attachment":[{"href":"https:\/\/zeleka.com\/index.php?rest_route=%2Fwp%2Fv2%2Fmedia&parent=1347"}],"wp:term":[{"taxonomy":"category","embeddable":true,"href":"https:\/\/zeleka.com\/index.php?rest_route=%2Fwp%2Fv2%2Fcategories&post=1347"},{"taxonomy":"post_tag","embeddable":true,"href":"https:\/\/zeleka.com\/index.php?rest_route=%2Fwp%2Fv2%2Ftags&post=1347"}],"curies":[{"name":"wp","href":"https:\/\/api.w.org\/{rel}","templated":true}]}}